{"id":76283,"date":"2025-01-08T22:23:42","date_gmt":"2025-01-09T04:23:42","guid":{"rendered":"https:\/\/zonaroja.com.mx\/?p=76283"},"modified":"2025-01-08T22:23:43","modified_gmt":"2025-01-09T04:23:43","slug":"crisis-en-sector-salud-de-oaxaca-se-extiende-a-la-mixteca","status":"publish","type":"post","link":"https:\/\/zonaroja.com.mx\/?p=76283","title":{"rendered":"Crisis en sector salud de Oaxaca se extiende a la Mixteca"},"content":{"rendered":"\n<p>Raymundo Morales\/Zona Roja.<\/p>\n\n\n\n<p>Oaxaca de Ju\u00e1rez, Oax., a 8 de enero de 2024.- La crisis del sector salud que resurgi\u00f3 en el Hospital Civil, se extendi\u00f3 a la regi\u00f3n Mixteca.<\/p>\n\n\n\n<p>Este mi\u00e9rcoles, integrantes de una organizaci\u00f3n denominada Pueblos Mixtecos en Lucha, bloquearon la carretera federal 190 Oaxaca-M\u00e9xico, en el crucero a Tezoatl\u00e1n de Segura y Luna.<\/p>\n\n\n\n<p>Lo anterior, para exigir la intervenci\u00f3n de las autoridades estatales y federales, a fin de apoyar el traslado de una menor de edad, de dos a\u00f1os, de un hospital del IMSS en Huajuapan de Le\u00f3n hacia la capital oaxaque\u00f1a u otra entidad.<\/p>\n\n\n\n<p>No obstante, la respuesta tard\u00f3 en llegar, por lo cual la vialidad estuvo bloqueada por varias horas, principalmente por transportistas.<\/p>\n\n\n\n<p>Mientras tanto, en la ciudad de Oaxaca, directivos y sindicalizados del Hospital General \u201cDr. Aurelio Valdivieso\u201d denunciaron en conferencia de prensa que persiste la falta de insumos para atender a los pacientes.<\/p>\n\n\n\n<p>Y es que el pasado lunes, mediante un documento se\u00f1alaron las precariedades y, en consecuencia, la suspensi\u00f3n de varios servicios, entre ellos las cirug\u00edas.<\/p>\n\n\n\n<p>Sin embargo, ayer el Gobierno del Estado dio a conocer, a trav\u00e9s de un comunicado, que tanto los Servicios de Salud de Oaxaca como el IMSS-Bienestar atend\u00edan la problem\u00e1tica.<\/p>\n\n\n\n<p>Pero en conferencia de prensa, la dirigencia de la Subsecci\u00f3n 07 de la Secci\u00f3n 35 del Sindicato Nacional de Trabajadores de Salud, as\u00ed como directivos del nosocomio, reiteraron que persisten las deficiencias, lo cual impide un servicio adecuado.<\/p>\n\n\n\n<p>Incluso, hubo tambi\u00e9n familiares de pacientes que acusaron que a falta de equipos y medicamentos, han tenido que erogar fuertes cantidades de dinero para comprar los insumos.<\/p>\n\n\n\n<p>Hasta esta noche, las autoridades estatales y federales no han respondido a los se\u00f1alamientos.<\/p>\n\n\n\n<figure class=\"wp-block-embed is-type-rich is-provider-twitter wp-block-embed-twitter\"><div class=\"wp-block-embed__wrapper\">\n<div class=\"twitter-tweet\"><blockquote class=\"twitter-tweet\" data-lang=\"es\"><p lang=\"es\" dir=\"ltr\">Mejor que en <a href=\"https:\/\/twitter.com\/hashtag\/Dinamarca?src=hash&amp;ref_src=twsrc%5Etfw\">#Dinamarca<\/a>:<br><br>En conferencia de prensa, la dirigencia sindical del Hospital General \u201cDr. Aurelio Valdivieso\u201d y familiares de pacientes, desmintieron a los <a href=\"https:\/\/twitter.com\/SSO_GobOax?ref_src=twsrc%5Etfw\">@SSO_GobOax<\/a> y al <a href=\"https:\/\/twitter.com\/IMSS_Bienestar?ref_src=twsrc%5Etfw\">@IMSS_Bienestar<\/a>: s\u00ed hay carencias de insumos y grave crisis en el nosocomio ubicado en la\u2026 <a href=\"https:\/\/t.co\/Gjipw6vNyy\">pic.twitter.com\/Gjipw6vNyy<\/a><\/p>&mdash; Zona Roja Oaxaca (@ZonaRoja_Oaxaca) <a href=\"https:\/\/twitter.com\/ZonaRoja_Oaxaca\/status\/1877114551793049636?ref_src=twsrc%5Etfw\">8 de enero de 2025<\/a><\/blockquote><\/div>\n<\/div><\/figure>\n","protected":false},"excerpt":{"rendered":"<p>Raymundo Morales\/Zona Roja. Oaxaca de Ju\u00e1rez, Oax., a 8 de enero de 2024.- La crisis&hellip;<\/p>\n","protected":false},"author":2,"featured_media":76284,"comment_status":"closed","ping_status":"open","sticky":false,"template":"","format":"standard","meta":{"_lmt_disableupdate":"","_lmt_disable":"","_jetpack_memberships_contains_paid_content":false,"footnotes":""},"categories":[109,47],"tags":[781],"class_list":["post-76283","post","type-post","status-publish","format-standard","has-post-thumbnail","hentry","category-minuto-a-minuto","category-zona-gris","tag-hospital-civil-dr-aurelio-valdivieso-de-oaxaca"],"jetpack_featured_media_url":"https:\/\/zonaroja.com.mx\/wp-content\/uploads\/2025\/01\/Conferencia-de-prensa-Hospital-Civil.jpg","jetpack_sharing_enabled":true,"_links":{"self":[{"href":"https:\/\/zonaroja.com.mx\/index.php?rest_route=\/wp\/v2\/posts\/76283","targetHints":{"allow":["GET"]}}],"collection":[{"href":"https:\/\/zonaroja.com.mx\/index.php?rest_route=\/wp\/v2\/posts"}],"about":[{"href":"https:\/\/zonaroja.com.mx\/index.php?rest_route=\/wp\/v2\/types\/post"}],"author":[{"embeddable":true,"href":"https:\/\/zonaroja.com.mx\/index.php?rest_route=\/wp\/v2\/users\/2"}],"replies":[{"embeddable":true,"href":"https:\/\/zonaroja.com.mx\/index.php?rest_route=%2Fwp%2Fv2%2Fcomments&post=76283"}],"version-history":[{"count":1,"href":"https:\/\/zonaroja.com.mx\/index.php?rest_route=\/wp\/v2\/posts\/76283\/revisions"}],"predecessor-version":[{"id":76285,"href":"https:\/\/zonaroja.com.mx\/index.php?rest_route=\/wp\/v2\/posts\/76283\/revisions\/76285"}],"wp:featuredmedia":[{"embeddable":true,"href":"https:\/\/zonaroja.com.mx\/index.php?rest_route=\/wp\/v2\/media\/76284"}],"wp:attachment":[{"href":"https:\/\/zonaroja.com.mx\/index.php?rest_route=%2Fwp%2Fv2%2Fmedia&parent=76283"}],"wp:term":[{"taxonomy":"category","embeddable":true,"href":"https:\/\/zonaroja.com.mx\/index.php?rest_route=%2Fwp%2Fv2%2Fcategories&post=76283"},{"taxonomy":"post_tag","embeddable":true,"href":"https:\/\/zonaroja.com.mx\/index.php?rest_route=%2Fwp%2Fv2%2Ftags&post=76283"}],"curies":[{"name":"wp","href":"https:\/\/api.w.org\/{rel}","templated":true}]}}