{"id":76292,"date":"2025-01-09T09:30:00","date_gmt":"2025-01-09T15:30:00","guid":{"rendered":"https:\/\/zonaroja.com.mx\/?p=76292"},"modified":"2025-01-09T07:00:45","modified_gmt":"2025-01-09T13:00:45","slug":"investigaran-a-murat-a-quien-resulte-responsable-dice-claudia-sheimbaum","status":"publish","type":"post","link":"https:\/\/zonaroja.com.mx\/?p=76292","title":{"rendered":"\u00bfInvestigar\u00e1n a Murat? A quien resulte responsable, dice Claudia Sheimbaum"},"content":{"rendered":"\n<p>Redacci\u00f3n<\/p>\n\n\n\n<p>Ciudad de M\u00e9xico, a 9 de enero de 2025.- La Presidenta Claudia Sheinbaum consider\u00f3 que ser\u00e1 la Fiscal\u00eda General de la Rep\u00fablica (FGR) la que determine si el senador de Morena, Alejandro Murat, debe ser investigado por los actos de corrupci\u00f3n registrados en el Infonavit, cuando \u00e9l fung\u00eda como su director.<\/p>\n\n\n\n<p>Ayer por la ma\u00f1ana, la mandataria federal fue cuestionada sobre las pesquisas que realiza su gobierno sobre presuntas irregularidades cometidas en el Instituto durante el sexenio del priista Enrique Pe\u00f1a Nieto.<\/p>\n\n\n\n<p>A pregunta expresa, no descart\u00f3 que el ex gobernador de Oaxaca forme parte de las indagatorias, aunque dej\u00f3 en claro que la decisi\u00f3n final estar\u00e1 en manos de la FGR.<\/p>\n\n\n\n<p>-\u00bfTienen contemplado investigar al senador Alejandro Murat?, se le pregunt\u00f3.<\/p>\n\n\n\n<p>\u00abEs importante que se mencione que esto que informa el director del Infonavit (Octavio Romero) se dio principalmente por estas direcciones generales Empresarial y de representantes de los Trabajadores.<\/p>\n\n\n\n<p>\u00abEso no quiere decir que sea el sector empresarial, eh, son muchos de los representantes que hicieron estos negocios al amparo del recurso de los trabajadores y, tambi\u00e9n, no hablamos mal de los sindicatos, sino de algunas personas, representantes sindicales, que estuvieron en los puestos del Infonavit que vieron la posibilidad de hacer negocios e hicieron negocios\u00bb.<\/p>\n\n\n\n<p>-Pero \u00bfno se descarta que se pueda investigar a Murat?, se insisti\u00f3.<\/p>\n\n\n\n<p>\u00abPor eso la denuncia que se presenta es a quien resulte responsable, pero si hay que decir que es, principalmente, (contra) estas direcciones, que se ponen de acuerdo, adem\u00e1s y hacen estos negocios que es una barbaridad\u00bb.<\/p>\n\n\n\n<p>-\u00bfPodr\u00eda ser c\u00f3mplice por corrupci\u00f3n, Presidenta?<\/p>\n\n\n\n<p>\u00abPues esto ya le corresponde a la Fiscal\u00eda, pero a nosotros nos corresponde decir por qu\u00e9 se est\u00e1 cambiando la Ley del Infonavit, lo que encuentre de actos de corrupci\u00f3n, presentarlos debidamente ante la Fiscal\u00eda, porque resulta que la auditor\u00eda interna del Infonavit, pues son ellos mismos, por eso se est\u00e1 cambiando la ley y que la Auditor\u00eda Superior de la Federaci\u00f3n pueda estar haciendo auditor\u00edas de manera permanente para que no se caiga en estas circunstancias\u00bb, dijo.<\/p>\n\n\n\n<p>En 2019, REFORMA revel\u00f3 que, adem\u00e1s de cobrar sueldos mensuales de m\u00e1s de 100 mil pesos, los ex directores del Infonavit se autoasignaron bonos y liquidaciones millonarias cuando renunciaron al organismo.<\/p>\n\n\n\n<p>Al dejar la direcci\u00f3n general del Infonavit para irse de candidato a gobernador de Oaxaca, en 2015, el entonces priista Alejandro Murat cobr\u00f3 un bono de 22.7 millones de pesos brutos como parte de un Plan Especial de Retiro avalado por el Consejo de Administraci\u00f3n, del que sus integrantes son beneficiarios, junto con representantes patronales y obreros.<\/p>\n\n\n\n<p>Adem\u00e1s, se le pagaron otros 4.9 millones de pesos correspondientes a su liquidaci\u00f3n, de acuerdo con informes obtenidos por REFORMA v\u00eda Transparencia.<\/p>\n\n\n\n<p>Gracias a ese mismo Plan de Retiro, David Penchyna, sustituto de Murat, cobr\u00f3 un bono especial de 9 millones 20 mil pesos brutos al dejar la direcci\u00f3n general, en 2018.<\/p>\n\n\n\n<p>Al tambi\u00e9n pol\u00edtico priista se le pag\u00f3 una liquidaci\u00f3n de 3.9 millones de pesos.<\/p>\n\n\n\n<p>Otro priista, Abelardo Carrillo Zavala, quien fue director Sectorial de los Trabajadores por 10 a\u00f1os, se embols\u00f3 un bono de retiro por 20.8 millones de pesos y una liquidaci\u00f3n de 6.7 millones de pesos.<\/p>\n\n\n\n<p>En total, los bonos especiales pagados a los ex directores por su retiro costaron 60 millones 659 mil pesos del dinero de los mexicanos.<\/p>\n\n\n\n<p>Durante la ma\u00f1anera de este mi\u00e9rcoles, Sheinbaum inform\u00f3 que se presentar\u00e1n denuncias penales ante la FGR por casos de corrupci\u00f3n e irregularidades en el Infonavit.<\/p>\n\n\n\n<p>La mandataria instruy\u00f3 al director del Instituto para coordinarse con la Consejer\u00eda Jur\u00eddica, con la finalidad de proceder penalmente.<\/p>\n\n\n\n<p>Romero sostuvo que desarrolladores privados de vivienda adeudan m\u00e1s de mil 900 millones de pesos a la instituci\u00f3n, por financiamientos que les fueron entregados desde el sexenio de Pe\u00f1a Nieto.<\/p>\n\n\n\n<p>Advirti\u00f3 que, adem\u00e1s de no pagar los adeudos, las empresas incumplieron con la construcci\u00f3n de cerca del 70 por ciento de las viviendas para las que solicitaron los recursos.<\/p>\n\n\n\n<p>Tambi\u00e9n denunci\u00f3 que Infonavit contrat\u00f3 a administradoras para fungir como intermediarias, pero nunca ejercieron sus obligaciones en materia de supervisi\u00f3n.<\/p>\n\n\n\n<p>Informaci\u00f3n del diario \u201cReforma\u201d<\/p>\n\n\n\n<figure class=\"wp-block-embed\"><div class=\"wp-block-embed__wrapper\">\nhttps:\/\/www.reforma.com\/investigaran-a-murat-a-quien-resulte-responsable-dice-csp\/ar2933479\n<\/div><\/figure>\n","protected":false},"excerpt":{"rendered":"<p>Redacci\u00f3n Ciudad de M\u00e9xico, a 9 de enero de 2025.- La Presidenta Claudia Sheinbaum consider\u00f3&hellip;<\/p>\n","protected":false},"author":2,"featured_media":65570,"comment_status":"closed","ping_status":"open","sticky":false,"template":"","format":"standard","meta":{"_lmt_disableupdate":"","_lmt_disable":"","_jetpack_memberships_contains_paid_content":false,"footnotes":""},"categories":[109,47],"tags":[102],"class_list":["post-76292","post","type-post","status-publish","format-standard","has-post-thumbnail","hentry","category-minuto-a-minuto","category-zona-gris","tag-alejandro-murat"],"jetpack_featured_media_url":"https:\/\/zonaroja.com.mx\/wp-content\/uploads\/2024\/02\/Alejandro-Murat-Morena-Senado.jpg","jetpack_sharing_enabled":true,"_links":{"self":[{"href":"https:\/\/zonaroja.com.mx\/index.php?rest_route=\/wp\/v2\/posts\/76292","targetHints":{"allow":["GET"]}}],"collection":[{"href":"https:\/\/zonaroja.com.mx\/index.php?rest_route=\/wp\/v2\/posts"}],"about":[{"href":"https:\/\/zonaroja.com.mx\/index.php?rest_route=\/wp\/v2\/types\/post"}],"author":[{"embeddable":true,"href":"https:\/\/zonaroja.com.mx\/index.php?rest_route=\/wp\/v2\/users\/2"}],"replies":[{"embeddable":true,"href":"https:\/\/zonaroja.com.mx\/index.php?rest_route=%2Fwp%2Fv2%2Fcomments&post=76292"}],"version-history":[{"count":1,"href":"https:\/\/zonaroja.com.mx\/index.php?rest_route=\/wp\/v2\/posts\/76292\/revisions"}],"predecessor-version":[{"id":76293,"href":"https:\/\/zonaroja.com.mx\/index.php?rest_route=\/wp\/v2\/posts\/76292\/revisions\/76293"}],"wp:featuredmedia":[{"embeddable":true,"href":"https:\/\/zonaroja.com.mx\/index.php?rest_route=\/wp\/v2\/media\/65570"}],"wp:attachment":[{"href":"https:\/\/zonaroja.com.mx\/index.php?rest_route=%2Fwp%2Fv2%2Fmedia&parent=76292"}],"wp:term":[{"taxonomy":"category","embeddable":true,"href":"https:\/\/zonaroja.com.mx\/index.php?rest_route=%2Fwp%2Fv2%2Fcategories&post=76292"},{"taxonomy":"post_tag","embeddable":true,"href":"https:\/\/zonaroja.com.mx\/index.php?rest_route=%2Fwp%2Fv2%2Ftags&post=76292"}],"curies":[{"name":"wp","href":"https:\/\/api.w.org\/{rel}","templated":true}]}}