{"id":76303,"date":"2025-01-09T11:52:00","date_gmt":"2025-01-09T17:52:00","guid":{"rendered":"https:\/\/zonaroja.com.mx\/?p=76303"},"modified":"2025-01-09T07:54:48","modified_gmt":"2025-01-09T13:54:48","slug":"premian-en-el-extranjero-polemica-pelicula-sobre-el-narco-en-mexico","status":"publish","type":"post","link":"https:\/\/zonaroja.com.mx\/?p=76303","title":{"rendered":"Premian en el extranjero pol\u00e9mica pel\u00edcula sobre el narco en M\u00e9xico"},"content":{"rendered":"\n<p>Redacci\u00f3n\/Zona Roja Cdmx.<\/p>\n\n\n\n<p>Ciudad de M\u00e9xico, a 9 de enero de 2025.- \u201cEmilia P\u00e9rez\u201d, la nueva pel\u00edcula del cineasta franc\u00e9s Jacques Audiard protagonizada por Karla Sof\u00eda Gasc\u00f3n, Zoe Salda\u00f1a y Selena G\u00f3mez ha sido objeto de controversia luego de que resultara triunfadora en la reciente edici\u00f3n de los Golden Globes, donde se llev\u00f3 cuatro estatuillas.<\/p>\n\n\n\n<p>Entusiastas del cine, especialmente mexicanos, han criticado el filme y lo acusaron de ser una mala representaci\u00f3n de M\u00e9xico donde abundan estereotipos negativos y raciales.&nbsp;<\/p>\n\n\n\n<p>Adem\u00e1s, mucho se ha cuestionado la ausencia de mexicanos en el reparto y el mal acento de las actrices, especialmente el de Selena G\u00f3mez.<\/p>\n\n\n\n<p>Eugenio Derbez, uno de los actores mexicanos m\u00e1s famosos en el mundo, critic\u00f3 la actuaci\u00f3n de Selena G\u00f3mez y gener\u00f3 un debate en redes sociales que lleg\u00f3 hasta Karla Sof\u00eda Gasc\u00f3n, la protagonista de a pel\u00edcula, quien escribi\u00f3 en redes sociales:<\/p>\n\n\n\n<p>\u201cQuiero dar las gracias a todo M\u00e9xico y a los mexicanos, s\u00e9 perfectamente que todo este odio injustificado no parte de ustedes, simplemente son cuatro gatos con muchos y variados intereses de por medio. Es m\u00e1s, la prueba la van a tener el d\u00eda del estreno con las salas llenas y el p\u00fablico amando \u2018Emilia P\u00e9rez\u2019 como ya me lo han demostrado en persona. Es m\u00e1s, emplazo, de nuevo, a todos estos perfiles falsos a que vengan a dec\u00edrmelo\u201d.<\/p>\n\n\n\n<p>El director Jacques Audiard tambi\u00e9n fue cuestionado en redes luego de que admiti\u00f3 que no hab\u00eda investigado nada sobre M\u00e9xico pues lo que necesitaba para contar la historia \u201cya lo sab\u00eda\u201d, y a la directora de casting quien admiti\u00f3 que si bien s\u00ed audicionaron actores y actrices mexicanos, ninguno fue tan talentoso como los que terminaron protagonizando la pel\u00edcula.<\/p>\n\n\n\n<p>\u201cEmilia P\u00e9rez\u201d cuenta la historia de la abogada Rita Mora Castro (interpretada por Zoe Salda\u00f1a) que es contactada por \u201cEl Manitas\u201d, uno de los capos de la droga m\u00e1s peligrosos de todo M\u00e9xico.<\/p>\n\n\n\n<p>El narcotraficante le ofrece a la abogada convertirla en millonaria si lo ayuda a transicionar a mujer. Rita Mora Castro, cansada de no destacar econ\u00f3micamente en su profesi\u00f3n, acepta el trato y ayuda a \u201cEl Manitas\u201d a convertirse en \u201cEmilia P\u00e9rez\u201d.<\/p>\n\n\n\n<p>Una vez cumplido su sue\u00f1o, \u201cEmilia P\u00e9rez\u201d finge su muerte y abandona a su esposa (Selena G\u00f3mez) y a sus dos hijos; sin embargo, tras pasar 4 a\u00f1os, decide que quiere recuperar a su familia y contacta nuevamente a Rita Mora Castro.<\/p>\n\n\n\n<p>El filme de Jacques Audiard tuvo un presupuesto de aproximadamente 26.9 millones de euros.<\/p>\n\n\n\n<p>(Informaci\u00f3n de Infobae M\u00e9xico)<\/p>\n","protected":false},"excerpt":{"rendered":"<p>Redacci\u00f3n\/Zona Roja Cdmx. Ciudad de M\u00e9xico, a 9 de enero de 2025.- \u201cEmilia P\u00e9rez\u201d, la&hellip;<\/p>\n","protected":false},"author":2,"featured_media":76304,"comment_status":"closed","ping_status":"open","sticky":false,"template":"","format":"standard","meta":{"_lmt_disableupdate":"","_lmt_disable":"","_jetpack_memberships_contains_paid_content":false,"footnotes":""},"categories":[109,47],"tags":[4159],"class_list":["post-76303","post","type-post","status-publish","format-standard","has-post-thumbnail","hentry","category-minuto-a-minuto","category-zona-gris","tag-pelicula-emilia-perez"],"jetpack_featured_media_url":"https:\/\/zonaroja.com.mx\/wp-content\/uploads\/2025\/01\/Pelicula-Emilia-Perez.webp","jetpack_sharing_enabled":true,"_links":{"self":[{"href":"https:\/\/zonaroja.com.mx\/index.php?rest_route=\/wp\/v2\/posts\/76303","targetHints":{"allow":["GET"]}}],"collection":[{"href":"https:\/\/zonaroja.com.mx\/index.php?rest_route=\/wp\/v2\/posts"}],"about":[{"href":"https:\/\/zonaroja.com.mx\/index.php?rest_route=\/wp\/v2\/types\/post"}],"author":[{"embeddable":true,"href":"https:\/\/zonaroja.com.mx\/index.php?rest_route=\/wp\/v2\/users\/2"}],"replies":[{"embeddable":true,"href":"https:\/\/zonaroja.com.mx\/index.php?rest_route=%2Fwp%2Fv2%2Fcomments&post=76303"}],"version-history":[{"count":1,"href":"https:\/\/zonaroja.com.mx\/index.php?rest_route=\/wp\/v2\/posts\/76303\/revisions"}],"predecessor-version":[{"id":76305,"href":"https:\/\/zonaroja.com.mx\/index.php?rest_route=\/wp\/v2\/posts\/76303\/revisions\/76305"}],"wp:featuredmedia":[{"embeddable":true,"href":"https:\/\/zonaroja.com.mx\/index.php?rest_route=\/wp\/v2\/media\/76304"}],"wp:attachment":[{"href":"https:\/\/zonaroja.com.mx\/index.php?rest_route=%2Fwp%2Fv2%2Fmedia&parent=76303"}],"wp:term":[{"taxonomy":"category","embeddable":true,"href":"https:\/\/zonaroja.com.mx\/index.php?rest_route=%2Fwp%2Fv2%2Fcategories&post=76303"},{"taxonomy":"post_tag","embeddable":true,"href":"https:\/\/zonaroja.com.mx\/index.php?rest_route=%2Fwp%2Fv2%2Ftags&post=76303"}],"curies":[{"name":"wp","href":"https:\/\/api.w.org\/{rel}","templated":true}]}}