{"id":76308,"date":"2025-01-09T12:07:50","date_gmt":"2025-01-09T18:07:50","guid":{"rendered":"https:\/\/zonaroja.com.mx\/?p=76308"},"modified":"2025-01-09T12:07:50","modified_gmt":"2025-01-09T18:07:50","slug":"detienen-a-mas-autoridades-municipales-en-oaxaca-por-presuntos-delitos","status":"publish","type":"post","link":"https:\/\/zonaroja.com.mx\/?p=76308","title":{"rendered":"Detienen a m\u00e1s autoridades municipales en Oaxaca, por presuntos delitos"},"content":{"rendered":"\n<p>Ismael Garc\u00eda M.\/Zona Roja.<\/p>\n\n\n\n<p>Oaxaca de Ju\u00e1rez, Oax., a 9 de enero de 2025.- Autoridades municipales de San Pedro Ocotepec Mixe fueron detenidas anoche en jurisdicci\u00f3n de Santa Luc\u00eda del Camino, zona conurbada a la capital de Oaxaca.<\/p>\n\n\n\n<p>De acuerdo con los primeros informes, est\u00e1n se\u00f1aladas de resistencia a particulares y de la probable participaci\u00f3n en el homicidio de dos personas, un hombre y una mujer, ocurridos el 1 de enero de este a\u00f1o en la localidad de Guadalupe Victoria.<\/p>\n\n\n\n<p>Las autoridades, entre ellas el edil, fueron detenidas cuando sal\u00edan de acreditarse en el Centro Cultural y de Convenciones de Oaxaca.<\/p>\n\n\n\n<p>Hasta el momento no hay versi\u00f3n oficial de los hechos.<\/p>\n\n\n\n<p>El pasado 1 de enero, la diputada federal por el PT, Aracely Cruz, denunci\u00f3:<br>\u201cEn Guadalupe Victoria, agencia de San Juan Juquila Mixe, #Oaxaca, fueron asesinados la madre y el abuelo de una mujer ind\u00edgena desplazada.<\/p>\n\n\n\n<p>\u201cHasta este momento los cuerpos no han sido levantados, por ello, solicito de manera urgente al Gobierno del Estado de Oaxaca que haga lo correspondiente y agilice las investigaciones que permitan otorgar justicia\u201d.<\/p>\n","protected":false},"excerpt":{"rendered":"<p>Ismael Garc\u00eda M.\/Zona Roja. Oaxaca de Ju\u00e1rez, Oax., a 9 de enero de 2025.- Autoridades&hellip;<\/p>\n","protected":false},"author":2,"featured_media":76307,"comment_status":"closed","ping_status":"open","sticky":false,"template":"","format":"standard","meta":{"_lmt_disableupdate":"","_lmt_disable":"","_jetpack_memberships_contains_paid_content":false,"footnotes":""},"categories":[109,47],"tags":[],"class_list":["post-76308","post","type-post","status-publish","format-standard","has-post-thumbnail","hentry","category-minuto-a-minuto","category-zona-gris"],"jetpack_featured_media_url":"https:\/\/zonaroja.com.mx\/wp-content\/uploads\/2025\/01\/San-Pedro-Ocotepec-Mixe.jpg","jetpack_sharing_enabled":true,"_links":{"self":[{"href":"https:\/\/zonaroja.com.mx\/index.php?rest_route=\/wp\/v2\/posts\/76308","targetHints":{"allow":["GET"]}}],"collection":[{"href":"https:\/\/zonaroja.com.mx\/index.php?rest_route=\/wp\/v2\/posts"}],"about":[{"href":"https:\/\/zonaroja.com.mx\/index.php?rest_route=\/wp\/v2\/types\/post"}],"author":[{"embeddable":true,"href":"https:\/\/zonaroja.com.mx\/index.php?rest_route=\/wp\/v2\/users\/2"}],"replies":[{"embeddable":true,"href":"https:\/\/zonaroja.com.mx\/index.php?rest_route=%2Fwp%2Fv2%2Fcomments&post=76308"}],"version-history":[{"count":1,"href":"https:\/\/zonaroja.com.mx\/index.php?rest_route=\/wp\/v2\/posts\/76308\/revisions"}],"predecessor-version":[{"id":76309,"href":"https:\/\/zonaroja.com.mx\/index.php?rest_route=\/wp\/v2\/posts\/76308\/revisions\/76309"}],"wp:featuredmedia":[{"embeddable":true,"href":"https:\/\/zonaroja.com.mx\/index.php?rest_route=\/wp\/v2\/media\/76307"}],"wp:attachment":[{"href":"https:\/\/zonaroja.com.mx\/index.php?rest_route=%2Fwp%2Fv2%2Fmedia&parent=76308"}],"wp:term":[{"taxonomy":"category","embeddable":true,"href":"https:\/\/zonaroja.com.mx\/index.php?rest_route=%2Fwp%2Fv2%2Fcategories&post=76308"},{"taxonomy":"post_tag","embeddable":true,"href":"https:\/\/zonaroja.com.mx\/index.php?rest_route=%2Fwp%2Fv2%2Ftags&post=76308"}],"curies":[{"name":"wp","href":"https:\/\/api.w.org\/{rel}","templated":true}]}}