{"id":76310,"date":"2025-01-09T17:04:56","date_gmt":"2025-01-09T23:04:56","guid":{"rendered":"https:\/\/zonaroja.com.mx\/?p=76310"},"modified":"2025-01-09T17:04:57","modified_gmt":"2025-01-09T23:04:57","slug":"ejecutan-a-individuo-en-pinotepa-asaltan-tienda-en-salina-cruz","status":"publish","type":"post","link":"https:\/\/zonaroja.com.mx\/?p=76310","title":{"rendered":"Ejecutan a individuo en Pinotepa; asaltan tienda en Salina Cruz"},"content":{"rendered":"\n<p>Raymundo Morales\/Zona Roja.<\/p>\n\n\n\n<p>Oaxaca de Ju\u00e1rez, Oax., a 9 de enero de 2025.- Un joven de aproximadamente 26 a\u00f1os de edad, fue ejecutado la ma\u00f1ana de este jueves en Santiago Pinotepa Nacional, municipio de la regi\u00f3n Costa.<\/p>\n\n\n\n<p>El cuerpo fue localizado en un camino local hacia la agencia de La Raya y presentaba varios impactos de arma de fuego y huellas de degollamiento; fue identificado de manera preliminar como Jorge Alejandro A. G.<\/p>\n\n\n\n<p>La Fiscal\u00eda General del Estado de Oaxaca, a trav\u00e9s de la Vicefiscal\u00eda Regional de la Costa, investiga el caso, con la finalidad de esclarecer el homicidio.<\/p>\n\n\n\n<p>Por otra parte, ayer por la noche, un individuo provisto de un arma de fuego asalto la tienda Coppel, ubicada en el centro comercial Plaza Pabell\u00f3n del municipio de Salina Cruz.<\/p>\n\n\n\n<p>A pesar de que era una zona concurrida, no hab\u00eda polic\u00edas municipales en la zona para impedir el atraco; cuando los uniformados arribaron, el delincuente ya hab\u00eda huido con el bot\u00edn.<\/p>\n\n\n\n<p>Por otra parte, ayer se dio a conocer un video, a trav\u00e9s del sitio informativo de Cortamortaja, acerca del fallecimiento de una persona, en el hospital \u201cDr. Macedonio Ben\u00edtez Fuentes\u201d, debido a una mala atenci\u00f3n m\u00e9dica.<\/p>\n\n\n\n<p>Fue el domingo por la noche en que el individuo hab\u00eda sido baleado, tras lo cual fue llevado a dicho nosocomio; sin embargo, el propio personal de salud reconoci\u00f3 que no contaba con insumos y equipamiento, e incluso ya hab\u00edan rechazado a tres pacientes.<\/p>\n\n\n\n<p>Fue en las primeras horas del pasado lunes en que dicha persona perdi\u00f3 la vida a causa de la gravedad de las lesiones y tambi\u00e9n por la deficiente atenci\u00f3n m\u00e9dica, producto de las carencias.<\/p>\n","protected":false},"excerpt":{"rendered":"<p>Raymundo Morales\/Zona Roja. Oaxaca de Ju\u00e1rez, Oax., a 9 de enero de 2025.- Un joven&hellip;<\/p>\n","protected":false},"author":2,"featured_media":69341,"comment_status":"closed","ping_status":"open","sticky":false,"template":"","format":"standard","meta":{"_lmt_disableupdate":"","_lmt_disable":"","_jetpack_memberships_contains_paid_content":false,"footnotes":""},"categories":[109,51],"tags":[916],"class_list":["post-76310","post","type-post","status-publish","format-standard","has-post-thumbnail","hentry","category-minuto-a-minuto","category-zona-roja","tag-pinotepa-nacional"],"jetpack_featured_media_url":"https:\/\/zonaroja.com.mx\/wp-content\/uploads\/2024\/06\/Escena-ejecucion-crimen-homicidio.jpg","jetpack_sharing_enabled":true,"_links":{"self":[{"href":"https:\/\/zonaroja.com.mx\/index.php?rest_route=\/wp\/v2\/posts\/76310","targetHints":{"allow":["GET"]}}],"collection":[{"href":"https:\/\/zonaroja.com.mx\/index.php?rest_route=\/wp\/v2\/posts"}],"about":[{"href":"https:\/\/zonaroja.com.mx\/index.php?rest_route=\/wp\/v2\/types\/post"}],"author":[{"embeddable":true,"href":"https:\/\/zonaroja.com.mx\/index.php?rest_route=\/wp\/v2\/users\/2"}],"replies":[{"embeddable":true,"href":"https:\/\/zonaroja.com.mx\/index.php?rest_route=%2Fwp%2Fv2%2Fcomments&post=76310"}],"version-history":[{"count":1,"href":"https:\/\/zonaroja.com.mx\/index.php?rest_route=\/wp\/v2\/posts\/76310\/revisions"}],"predecessor-version":[{"id":76311,"href":"https:\/\/zonaroja.com.mx\/index.php?rest_route=\/wp\/v2\/posts\/76310\/revisions\/76311"}],"wp:featuredmedia":[{"embeddable":true,"href":"https:\/\/zonaroja.com.mx\/index.php?rest_route=\/wp\/v2\/media\/69341"}],"wp:attachment":[{"href":"https:\/\/zonaroja.com.mx\/index.php?rest_route=%2Fwp%2Fv2%2Fmedia&parent=76310"}],"wp:term":[{"taxonomy":"category","embeddable":true,"href":"https:\/\/zonaroja.com.mx\/index.php?rest_route=%2Fwp%2Fv2%2Fcategories&post=76310"},{"taxonomy":"post_tag","embeddable":true,"href":"https:\/\/zonaroja.com.mx\/index.php?rest_route=%2Fwp%2Fv2%2Ftags&post=76310"}],"curies":[{"name":"wp","href":"https:\/\/api.w.org\/{rel}","templated":true}]}}