{"id":76312,"date":"2025-01-09T18:44:58","date_gmt":"2025-01-10T00:44:58","guid":{"rendered":"https:\/\/zonaroja.com.mx\/?p=76312"},"modified":"2025-01-09T18:44:59","modified_gmt":"2025-01-10T00:44:59","slug":"confirma-fiscalia-detencion-de-ocho-autoridades-de-ocotoepec-mixe","status":"publish","type":"post","link":"https:\/\/zonaroja.com.mx\/?p=76312","title":{"rendered":"Confirma Fiscal\u00eda detenci\u00f3n de ocho autoridades de Ocotoepec Mixe"},"content":{"rendered":"\n<p>Raymundo Morales\/Zona Roja.&nbsp;<\/p>\n\n\n\n<p>Oaxaca de Ju\u00e1rez, Oax., a 9 de enero de 2025.- Son ocho las personas integrantes del Cabildo de San Pedro Ocotepec Mixe las detenidas, confirmo la Fiscal\u00eda General del Estado de Oaxaca, por diversos delitos.<\/p>\n\n\n\n<p>En un comunicado, destac\u00f3 que los hechos que motivaron la aprehensi\u00f3n, anoche, derivan de los conflictos entre comunidades vecinas.<\/p>\n\n\n\n<p>Los delitos que se podr\u00edan configurar son Contra Actos de Investigaci\u00f3n, actividades de Seguridad P\u00fablica y el Estado y delitos contra la autoridad.<\/p>\n\n\n\n<p>Destac\u00f3 que el trasfondo es un conflicto agrario entre San Pedro Ocotepec y San Juan Juquila Mixe, que tan solo de 2017 a enero de 2025 se tiene registro de la apertura de 14 carpetas de investigaci\u00f3n por homicidio, entre los que se cuentan 16 personas fallecidas (14 hombres y 2 mujeres).<\/p>\n\n\n\n<p>\u201cDicha disputa tiene inici\u00f3 en septiembre de 1975, cuando la emisi\u00f3n de una Resoluci\u00f3n Presidencial determin\u00f3 que otorgaran 47 mil 977 hect\u00e1reas de tierras comunales a San Juan Juquila Mixe, lo que gener\u00f3 inconformidades de pobladores de Ocotepec.<\/p>\n\n\n\n<p>\u201cDespu\u00e9s de una agresi\u00f3n armada en enero de 2017, fueron desplazadas al menos 350 personas originarias de la agencia de Guadalupe Victoria, quienes en su momento&nbsp; fueron albergados en el municipio de San Juan Juquila Mixe.<\/p>\n\n\n\n<p>\u201cMientras que, en julio de 2022, se registr\u00f3 el homicidio de Crisp\u00edn Reyes, defensor de derechos humanos de San Juan Juquila Mixes, quien era representante de 128 familias desplazadas de la agencia de Guadalupe Victoria.<\/p>\n\n\n\n<p>La Fiscal\u00eda detall\u00f3 que como parte de los antecedentes, es preciso mencionar que en octubre de 2022, en el paraje conocido como \u201cEl Basurero\u201d se dio una agresi\u00f3n armada en la que murieron cuatro personas identificadas como Agust\u00edn R.M., quien era regidor de San Pedro Ocotepec, adem\u00e1s Joel M.V., Iv\u00e1n M.O., Miguel R.T., todos ellos originarios de San Pedro Ocotepec.<\/p>\n\n\n\n<p>El a\u00f1o pasado, en agosto de 2024, en los l\u00edmites de San Pedro Ocotepec con San Juan Juquila Mixe, donde ocurri\u00f3 una agresi\u00f3n armada en la que perdieron la vida tres personas y una m\u00e1s result\u00f3 lesionada.<\/p>\n\n\n\n<p>El \u00faltimo de los hechos delictivos que investiga la FGEO sucedi\u00f3 el primero de enero de 2025, en el paraje \u201cR\u00edo Zapote\u201d, en la agencia municipal de Guadalupe Victoria, donde privaron de la vida a un hombre y su hija, a quienes agredieron con disparos de arma de fuego cuando se encontraban en su parcela.<\/p>\n","protected":false},"excerpt":{"rendered":"<p>Raymundo Morales\/Zona Roja.&nbsp; Oaxaca de Ju\u00e1rez, Oax., a 9 de enero de 2025.- Son ocho&hellip;<\/p>\n","protected":false},"author":2,"featured_media":76313,"comment_status":"closed","ping_status":"open","sticky":false,"template":"","format":"standard","meta":{"_lmt_disableupdate":"","_lmt_disable":"","_jetpack_memberships_contains_paid_content":false,"footnotes":""},"categories":[109,46],"tags":[494,4160],"class_list":["post-76312","post","type-post","status-publish","format-standard","has-post-thumbnail","hentry","category-minuto-a-minuto","category-zona-blanca","tag-fiscalia-general-del-estado-de-oaxaca","tag-san-pedro-ocotepec-mixe"],"jetpack_featured_media_url":"https:\/\/zonaroja.com.mx\/wp-content\/uploads\/2025\/01\/Varias-personas-detenidas-aprehendidas.jpg","jetpack_sharing_enabled":true,"_links":{"self":[{"href":"https:\/\/zonaroja.com.mx\/index.php?rest_route=\/wp\/v2\/posts\/76312","targetHints":{"allow":["GET"]}}],"collection":[{"href":"https:\/\/zonaroja.com.mx\/index.php?rest_route=\/wp\/v2\/posts"}],"about":[{"href":"https:\/\/zonaroja.com.mx\/index.php?rest_route=\/wp\/v2\/types\/post"}],"author":[{"embeddable":true,"href":"https:\/\/zonaroja.com.mx\/index.php?rest_route=\/wp\/v2\/users\/2"}],"replies":[{"embeddable":true,"href":"https:\/\/zonaroja.com.mx\/index.php?rest_route=%2Fwp%2Fv2%2Fcomments&post=76312"}],"version-history":[{"count":1,"href":"https:\/\/zonaroja.com.mx\/index.php?rest_route=\/wp\/v2\/posts\/76312\/revisions"}],"predecessor-version":[{"id":76314,"href":"https:\/\/zonaroja.com.mx\/index.php?rest_route=\/wp\/v2\/posts\/76312\/revisions\/76314"}],"wp:featuredmedia":[{"embeddable":true,"href":"https:\/\/zonaroja.com.mx\/index.php?rest_route=\/wp\/v2\/media\/76313"}],"wp:attachment":[{"href":"https:\/\/zonaroja.com.mx\/index.php?rest_route=%2Fwp%2Fv2%2Fmedia&parent=76312"}],"wp:term":[{"taxonomy":"category","embeddable":true,"href":"https:\/\/zonaroja.com.mx\/index.php?rest_route=%2Fwp%2Fv2%2Fcategories&post=76312"},{"taxonomy":"post_tag","embeddable":true,"href":"https:\/\/zonaroja.com.mx\/index.php?rest_route=%2Fwp%2Fv2%2Ftags&post=76312"}],"curies":[{"name":"wp","href":"https:\/\/api.w.org\/{rel}","templated":true}]}}