{"id":76315,"date":"2025-01-09T20:29:35","date_gmt":"2025-01-10T02:29:35","guid":{"rendered":"https:\/\/zonaroja.com.mx\/?p=76315"},"modified":"2025-01-09T20:29:36","modified_gmt":"2025-01-10T02:29:36","slug":"vandalizan-oficinas-del-ieepo-acusan-incumplimientos-del-director","status":"publish","type":"post","link":"https:\/\/zonaroja.com.mx\/?p=76315","title":{"rendered":"Vandalizan oficinas del IEEPO; acusan incumplimientos del director"},"content":{"rendered":"\n<p>Raymundo Morales\/Zona Roja.<\/p>\n\n\n\n<p>Oaxaca de Ju\u00e1rez, Oax., a 9 de enero de 2024.- Al reiniciar el ciclo escolar en el nivel b\u00e1sico, un grupo de normalistas y docentes-estudiantes de la UPN vandalizaron oficinas del Instituto Estatal de Educaci\u00f3n P\u00fablica de Oaxaca (IEEPO).<\/p>\n\n\n\n<p>Ello al acusar incumplimientos del director Emilio Montero P\u00e9rez a diversas demandas, entre ellas soluci\u00f3n a un a\u00f1ejo conflicto interno en la Universidad Pedag\u00f3gica Nacional (UPN) con sede en Ciudad Ixtepec.<\/p>\n\n\n\n<p>Fue durante la ma\u00f1ana de hoy en que un grupo de estudiantes arrib\u00f3 a las instalaciones de la Subdirecci\u00f3n General de Servicios Educativos, ubicadas en la zona norte de la capital.<\/p>\n\n\n\n<p>Pintarrajearon tanto el interior como el exterior del inmueble, ademas de causar diversos destrozos de equipos de c\u00f3mputo y materiales de trabajo.<\/p>\n\n\n\n<p>\u201cInstituto ponte a trabajar. Exigimos directivos externos. Soluci\u00f3n UPN\u201d, son parte de las consignas que pintaron en las paredes de las instalaciones ubicadas en San Felipe del Agua.<\/p>\n\n\n\n<p>\u201cSe quemaron documentaciones, tiraron computadoras, a una compa\u00f1era le tiraron un copet\u00f3n y\u00a0 otra se lesion\u00f3. Se va a proceder, ya se dio parte al \u00e1rea jur\u00eddica; se tiene identificado a los j\u00f3venes que hicieron los destrozos\u201d, dijo uno de los funcionarios, Albino P\u00e9rez V\u00e1squez.<\/p>\n\n\n\n<p>Detall\u00f3 que los estudiantes llegaron a bordo de un autob\u00fas, procedentes de Juchit\u00e1n de Zaragoza, cometieron los actos vand\u00e1licos y tras lo cual se retiraron.<\/p>\n\n\n\n<p>El IEEPO los convoc\u00f3 a un di\u00e1logo con la finalidad de resolver los problemas internos que tienen.<\/p>\n","protected":false},"excerpt":{"rendered":"<p>Raymundo Morales\/Zona Roja. Oaxaca de Ju\u00e1rez, Oax., a 9 de enero de 2024.- Al reiniciar&hellip;<\/p>\n","protected":false},"author":2,"featured_media":76316,"comment_status":"closed","ping_status":"open","sticky":false,"template":"","format":"standard","meta":{"_lmt_disableupdate":"","_lmt_disable":"","_jetpack_memberships_contains_paid_content":false,"footnotes":""},"categories":[109,47],"tags":[],"class_list":["post-76315","post","type-post","status-publish","format-standard","has-post-thumbnail","hentry","category-minuto-a-minuto","category-zona-gris"],"jetpack_featured_media_url":"https:\/\/zonaroja.com.mx\/wp-content\/uploads\/2025\/01\/Vandalismo-IEEPO.jpeg","jetpack_sharing_enabled":true,"_links":{"self":[{"href":"https:\/\/zonaroja.com.mx\/index.php?rest_route=\/wp\/v2\/posts\/76315","targetHints":{"allow":["GET"]}}],"collection":[{"href":"https:\/\/zonaroja.com.mx\/index.php?rest_route=\/wp\/v2\/posts"}],"about":[{"href":"https:\/\/zonaroja.com.mx\/index.php?rest_route=\/wp\/v2\/types\/post"}],"author":[{"embeddable":true,"href":"https:\/\/zonaroja.com.mx\/index.php?rest_route=\/wp\/v2\/users\/2"}],"replies":[{"embeddable":true,"href":"https:\/\/zonaroja.com.mx\/index.php?rest_route=%2Fwp%2Fv2%2Fcomments&post=76315"}],"version-history":[{"count":1,"href":"https:\/\/zonaroja.com.mx\/index.php?rest_route=\/wp\/v2\/posts\/76315\/revisions"}],"predecessor-version":[{"id":76317,"href":"https:\/\/zonaroja.com.mx\/index.php?rest_route=\/wp\/v2\/posts\/76315\/revisions\/76317"}],"wp:featuredmedia":[{"embeddable":true,"href":"https:\/\/zonaroja.com.mx\/index.php?rest_route=\/wp\/v2\/media\/76316"}],"wp:attachment":[{"href":"https:\/\/zonaroja.com.mx\/index.php?rest_route=%2Fwp%2Fv2%2Fmedia&parent=76315"}],"wp:term":[{"taxonomy":"category","embeddable":true,"href":"https:\/\/zonaroja.com.mx\/index.php?rest_route=%2Fwp%2Fv2%2Fcategories&post=76315"},{"taxonomy":"post_tag","embeddable":true,"href":"https:\/\/zonaroja.com.mx\/index.php?rest_route=%2Fwp%2Fv2%2Ftags&post=76315"}],"curies":[{"name":"wp","href":"https:\/\/api.w.org\/{rel}","templated":true}]}}