{"id":76318,"date":"2025-01-09T21:57:14","date_gmt":"2025-01-10T03:57:14","guid":{"rendered":"https:\/\/zonaroja.com.mx\/?p=76318"},"modified":"2025-01-09T21:57:17","modified_gmt":"2025-01-10T03:57:17","slug":"supervisa-imss-bienestar-el-hospital-civil-de-madrugada","status":"publish","type":"post","link":"https:\/\/zonaroja.com.mx\/?p=76318","title":{"rendered":"Supervisa IMSS-Bienestar el Hospital Civil\u2026 de madrugada"},"content":{"rendered":"\n<p>Ismael Garc\u00eda M.\/Zona Roja.<\/p>\n\n\n\n<p>Oaxaca de Ju\u00e1rez, Oax., a 9 de enero de 2024.- Cuatro d\u00edas despu\u00e9s de reiniciadas las denuncias de falta de insumos y medicamentos en el Hospital General \u201cDr. Aurelio Valdivieso\u201d, el IMSS-Bienestar supervis\u00f3 el nosocomio, pero por la madrugada de hoy.<\/p>\n\n\n\n<p>Ello lo denunci\u00f3 la dirigencia de la Subsecci\u00f3n 07 de la Secci\u00f3n 35 del Sindicato Nacional de Trabajadores de la Secretar\u00eda de Salud, que reproch\u00f3 adem\u00e1s que el organismo federal solamente acudi\u00f3 a tomar nota de las carencias.<\/p>\n\n\n\n<p>\u201cEl d\u00eda de hoy como base trabajadora expresamos las inquietudes y el desacuerdo respecto al recorrido por parte del personal IMSS-Bienestar, durante la madrugada del d\u00eda 09\/01\/2025, sin informar a las autoridades involucradas.&nbsp;<\/p>\n\n\n\n<p>\u201cConsideramos que este horario limita la posibilidad de observar plenamente la din\u00e1mica habitual que se presentan en cada uno de los turnos debido a las carencias de insumos, recurso humano, las malas condiciones en las que se encuentra el hospital y los grandes retos a los que nos enfrentamos d\u00eda a d\u00eda como personal de salud, anudado a esto, los gastos econ\u00f3micos realizados por los pacientes y familiares por la falta de cumplimiento por parte de las autoridades\u201d, expuso en un comunicado.<\/p>\n\n\n\n<p>Lament\u00f3 que se haya realizado la visita cuando el 60 por ciento de las \u00e1reas del hospital se encuentran cerradas.<\/p>\n\n\n\n<p>\u201c\u00bfPor qu\u00e9 hacer recorridos cuando falta la presencia de autoridades y responsables de servicios para la resoluci\u00f3n de dudas o problemas detectados en el momento?<\/p>\n\n\n\n<p>\u201c\u00bfPor qu\u00e9 evaluar en un horario donde hay poca actividad, personal y familiares presentes?\u201d, reproch\u00f3.<\/p>\n\n\n\n<p>Pese a ello, confi\u00f3 en que la visita tenga respuestas favorables, \u201cante la insensibilidad, mezquindad, mentiras que aquejan, desesperan a los trabajadores y usuarios, as\u00ed como a la poblaci\u00f3n oaxaque\u00f1a.&nbsp;<\/p>\n\n\n\n<p>\u201cComo trabajadores seremos vigilantes del compromiso el cual se hace nuevamente para darle continuidad a la atenci\u00f3n de calidad que merecen nuestros usuarios y personal sanitario\u201d, expuso.<\/p>\n\n\n\n<p>\u201cCabe destacar que el colapso del sistema de salud se contin\u00faa dando debido a la ignorancia e inexperiencia en el manejo de la salud, pero sobre todo por la falta de planeaci\u00f3n, objetivos y un adecuado seguimiento\u201d, remarc\u00f3.<\/p>\n","protected":false},"excerpt":{"rendered":"<p>Ismael Garc\u00eda M.\/Zona Roja. Oaxaca de Ju\u00e1rez, Oax., a 9 de enero de 2024.- Cuatro&hellip;<\/p>\n","protected":false},"author":2,"featured_media":76287,"comment_status":"closed","ping_status":"open","sticky":false,"template":"","format":"standard","meta":{"_lmt_disableupdate":"","_lmt_disable":"","_jetpack_memberships_contains_paid_content":false,"footnotes":""},"categories":[109,47],"tags":[781],"class_list":["post-76318","post","type-post","status-publish","format-standard","has-post-thumbnail","hentry","category-minuto-a-minuto","category-zona-gris","tag-hospital-civil-dr-aurelio-valdivieso-de-oaxaca"],"jetpack_featured_media_url":"https:\/\/zonaroja.com.mx\/wp-content\/uploads\/2025\/01\/Hospital-Civil-Oaxaca.jpg","jetpack_sharing_enabled":true,"_links":{"self":[{"href":"https:\/\/zonaroja.com.mx\/index.php?rest_route=\/wp\/v2\/posts\/76318","targetHints":{"allow":["GET"]}}],"collection":[{"href":"https:\/\/zonaroja.com.mx\/index.php?rest_route=\/wp\/v2\/posts"}],"about":[{"href":"https:\/\/zonaroja.com.mx\/index.php?rest_route=\/wp\/v2\/types\/post"}],"author":[{"embeddable":true,"href":"https:\/\/zonaroja.com.mx\/index.php?rest_route=\/wp\/v2\/users\/2"}],"replies":[{"embeddable":true,"href":"https:\/\/zonaroja.com.mx\/index.php?rest_route=%2Fwp%2Fv2%2Fcomments&post=76318"}],"version-history":[{"count":1,"href":"https:\/\/zonaroja.com.mx\/index.php?rest_route=\/wp\/v2\/posts\/76318\/revisions"}],"predecessor-version":[{"id":76319,"href":"https:\/\/zonaroja.com.mx\/index.php?rest_route=\/wp\/v2\/posts\/76318\/revisions\/76319"}],"wp:featuredmedia":[{"embeddable":true,"href":"https:\/\/zonaroja.com.mx\/index.php?rest_route=\/wp\/v2\/media\/76287"}],"wp:attachment":[{"href":"https:\/\/zonaroja.com.mx\/index.php?rest_route=%2Fwp%2Fv2%2Fmedia&parent=76318"}],"wp:term":[{"taxonomy":"category","embeddable":true,"href":"https:\/\/zonaroja.com.mx\/index.php?rest_route=%2Fwp%2Fv2%2Fcategories&post=76318"},{"taxonomy":"post_tag","embeddable":true,"href":"https:\/\/zonaroja.com.mx\/index.php?rest_route=%2Fwp%2Fv2%2Ftags&post=76318"}],"curies":[{"name":"wp","href":"https:\/\/api.w.org\/{rel}","templated":true}]}}