{"id":7632,"date":"2020-01-13T17:44:03","date_gmt":"2020-01-13T23:44:03","guid":{"rendered":"http:\/\/www.zonaroja.com.mx\/?p=7632"},"modified":"2020-01-13T17:44:10","modified_gmt":"2020-01-13T23:44:10","slug":"menor-oaxaqueno-pide-apoyo-para-no-perder-la-vista-servicios-de-salud-no-atiende","status":"publish","type":"post","link":"https:\/\/zonaroja.com.mx\/?p=7632","title":{"rendered":"Menor oaxaque\u00f1o pide apoyo para no perder la vista; Servicios de Salud no atiende"},"content":{"rendered":"\n<p>Evlin\nArag\u00f3n\/Zona Roja.<\/p>\n\n\n\n<p>Oaxaca de\nJu\u00e1rez, Oax., 13 de enero de 2020.- C\u00e9sar Fabi\u00e1n ha perdido la vista de un ojo\ny est\u00e1 pr\u00f3ximo a perderla en su totalidad debido al desprendimiento de retina.<\/p>\n\n\n\n<p>Las\ncataratas que le aquejan y la falta de atenci\u00f3n m\u00e9dica especializada desde hace\nm\u00e1s de un a\u00f1o y medio que le detectaron el padecimiento, agravan la situaci\u00f3n.<\/p>\n\n\n\n<p>\u201cYo lo que\nquiero pedir es que si pueden brindarme el apoyo\u201d, dijo con voz suave el ni\u00f1o\nde 10 a\u00f1os que sobresal\u00eda en sus estudios de quinto de primaria y ahora se le\ndificulta cada vez m\u00e1s debido a la falta de visi\u00f3n.<\/p>\n\n\n\n<p>Este lunes,\nel menor de edad, inscrito en la escuela primaria \u201cNuevos Horizontes\u201d de la\ncolonia Guillermo Gonz\u00e1lez Guardado de Zaachila, se aperson\u00f3 junto a su madre\nen el z\u00f3calo de la ciudad para solicitar el respaldo de las autoridades\nestatales y de las personas de buen coraz\u00f3n que puedan aportar recursos\necon\u00f3micos que le permitan contar con la operaci\u00f3n de sus dos ojos afectados.<\/p>\n\n\n\n<p>De acuerdo\ncon la madre del ni\u00f1o, Jovita Pacheco Bautista, tras recurrir sin \u00e9xito al\nHospital Civil \u201cDr. Aurelio Valdivieso\u201d y de la Ni\u00f1ez Oaxaque\u00f1a para solicitar\nla atenci\u00f3n del menor &#8211;que constantemente se queja de ver en menor cantidad al\nmomento de hacer su tarea&#8211;, han acudido a un especialista particular, sin\nembargo, los costos del estudio y la operaci\u00f3n sobrepasan los 40 mil pesos para\nlos dos ojos, recurso con el que no cuentan. <\/p>\n\n\n\n<p>En ambos\nhospitales p\u00fablicos le han hecho saber que no cuentan con personal\nespecializado en Oftalmolog\u00eda Pedi\u00e1trica, por lo que le sugirieron acudir a un\nm\u00e9dico particular que solicit\u00f3 estudios y propuso la cirug\u00eda para el menor a\nfin de evitar que avance el padecimiento que podr\u00eda dejarlo ciego de forma\npermanente.<\/p>\n\n\n\n<p>De origen\nhumilde, cabeza de familia y trabajadora en un comedor, Jovita asegura que\naunque quiera el dinero no le alcanza para costear la propuesta m\u00e9dica por lo\nque decidi\u00f3 abrir una cuenta bancaria y apelar a la voluntad ciudadana para que\nC\u00e9sar no pierda la vista.<\/p>\n\n\n\n<p>As\u00ed mismo\npidi\u00f3 al gobernador del estado, Alejandro Murat Hinojosa, que le apoye para\nconseguir la cirug\u00eda que necesita su hijo y puso a disposici\u00f3n el n\u00famero de\ncuenta 4766 8408 8898 3090 de Banamex a nombre de Jovita Pacheco Bautista.<\/p>\n","protected":false},"excerpt":{"rendered":"<p>Evlin Arag\u00f3n\/Zona Roja. Oaxaca de Ju\u00e1rez, Oax., 13 de enero de 2020.- C\u00e9sar Fabi\u00e1n ha&hellip;<\/p>\n","protected":false},"author":2,"featured_media":7633,"comment_status":"closed","ping_status":"open","sticky":false,"template":"","format":"standard","meta":{"_lmt_disableupdate":"","_lmt_disable":"","_jetpack_memberships_contains_paid_content":false,"footnotes":""},"categories":[109,47],"tags":[1005],"class_list":["post-7632","post","type-post","status-publish","format-standard","has-post-thumbnail","hentry","category-minuto-a-minuto","category-zona-gris","tag-servicios-de-salud-de-oaxaca-sso"],"jetpack_featured_media_url":"https:\/\/zonaroja.com.mx\/wp-content\/uploads\/2020\/01\/Queja-cataratas-menor-Oaxaca.jpg","jetpack_sharing_enabled":true,"_links":{"self":[{"href":"https:\/\/zonaroja.com.mx\/index.php?rest_route=\/wp\/v2\/posts\/7632","targetHints":{"allow":["GET"]}}],"collection":[{"href":"https:\/\/zonaroja.com.mx\/index.php?rest_route=\/wp\/v2\/posts"}],"about":[{"href":"https:\/\/zonaroja.com.mx\/index.php?rest_route=\/wp\/v2\/types\/post"}],"author":[{"embeddable":true,"href":"https:\/\/zonaroja.com.mx\/index.php?rest_route=\/wp\/v2\/users\/2"}],"replies":[{"embeddable":true,"href":"https:\/\/zonaroja.com.mx\/index.php?rest_route=%2Fwp%2Fv2%2Fcomments&post=7632"}],"version-history":[{"count":1,"href":"https:\/\/zonaroja.com.mx\/index.php?rest_route=\/wp\/v2\/posts\/7632\/revisions"}],"predecessor-version":[{"id":7634,"href":"https:\/\/zonaroja.com.mx\/index.php?rest_route=\/wp\/v2\/posts\/7632\/revisions\/7634"}],"wp:featuredmedia":[{"embeddable":true,"href":"https:\/\/zonaroja.com.mx\/index.php?rest_route=\/wp\/v2\/media\/7633"}],"wp:attachment":[{"href":"https:\/\/zonaroja.com.mx\/index.php?rest_route=%2Fwp%2Fv2%2Fmedia&parent=7632"}],"wp:term":[{"taxonomy":"category","embeddable":true,"href":"https:\/\/zonaroja.com.mx\/index.php?rest_route=%2Fwp%2Fv2%2Fcategories&post=7632"},{"taxonomy":"post_tag","embeddable":true,"href":"https:\/\/zonaroja.com.mx\/index.php?rest_route=%2Fwp%2Fv2%2Ftags&post=7632"}],"curies":[{"name":"wp","href":"https:\/\/api.w.org\/{rel}","templated":true}]}}