{"id":76320,"date":"2025-01-10T07:03:35","date_gmt":"2025-01-10T13:03:35","guid":{"rendered":"https:\/\/zonaroja.com.mx\/?p=76320"},"modified":"2025-01-10T07:03:37","modified_gmt":"2025-01-10T13:03:37","slug":"acuerdan-alianza-sindicato-autonomo-y-edil-de-oaxaca-de-juarez","status":"publish","type":"post","link":"https:\/\/zonaroja.com.mx\/?p=76320","title":{"rendered":"Acuerdan alianza Sindicato Aut\u00f3nomo y edil de Oaxaca de Ju\u00e1rez"},"content":{"rendered":"\n<p>Redacci\u00f3n\/Zona Roja.<\/p>\n\n\n\n<p>Oaxaca de Ju\u00e1rez, Oax., a 10 de enero de 2025.\u2013 Dirigentes y trabajadores afiliados al Sindicato Aut\u00f3nomo del ayuntamiento de Oaxaca de Ju\u00e1rez y el presidente municipal Raymundo Chagoya convinieron en trabajar conjuntamente y solucionar cualquier diferencia mediante el di\u00e1logo.<\/p>\n\n\n\n<p>\u201cCuentan con nosotros, somos un equipo. Sepan que haremos un gran equipo y que trabajaremos todos juntos. Queremos que siempre haya un ambiente de cordialidad y armon\u00eda en este palacio municipal\u201d, expres\u00f3 el edil capitalino.<\/p>\n\n\n\n<p>En el encuentro, realizado en el primer patio del palacio municipal, Chagoya manifest\u00f3 que su gobierno actuar\u00e1 con transparencia y sencillez. \u201cEl respeto lo tendr\u00e1n desde el presidente municipal hasta todas y todos los funcionarios\u201d, destac\u00f3.<\/p>\n\n\n\n<p>Asimismo, afirm\u00f3 que su administraci\u00f3n cuenta con un dec\u00e1logo moral, ya que, al ser un gobierno alineado a la Cuarta Transformaci\u00f3n, se deben seguir principios de respeto, honestidad y trabajo.<\/p>\n\n\n\n<p>\u201cEl contrato colectivo ser\u00e1 respetado; vamos a seguir esa l\u00ednea. Seremos comprensibles, pac\u00edficos, y habr\u00e1 di\u00e1logo, siempre con la premisa de velar por el bienestar de la ciudad. Tenemos algo en com\u00fan: nos gusta trabajar mucho, y nosotros predicamos con el ejemplo del trabajo constante\u201d, reiter\u00f3.<\/p>\n\n\n\n<p>Por su parte, el secretario general del Sindicato Aut\u00f3nomo, Fortino Cruz Hern\u00e1ndez, extern\u00f3 al presidente municipal la voluntad de las y los trabajadores para colaborar en un ambiente de respeto laboral, algo que no existi\u00f3 en administraciones pasadas, caracterizadas por la soberbia y prepotencia.<\/p>\n\n\n\n<p>De igual forma, el secretario de Gobierno de Oaxaca de Ju\u00e1rez, No\u00e9 Jara Cruz, reiter\u00f3 que el inter\u00e9s del gobierno municipal es estrechar lazos de colaboraci\u00f3n para que a la ciudad le vaya bien.<\/p>\n\n\n\n<p>\u201cSabemos que cada uno de ustedes tiene una responsabilidad. Sin ustedes, las cosas no marchar\u00edan. A lo que venimos es a colaborar con ustedes\u201d, afirm\u00f3.<\/p>\n\n\n\n<p>Finalmente, Raymundo Chagoya reiter\u00f3 su compromiso de trabajar en unidad, con el prop\u00f3sito de buscar en todo momento el bienestar com\u00fan entre los trabajadores, lo cual se ver\u00e1 reflejado en el bienestar de las familias de Oaxaca de Ju\u00e1rez.<\/p>\n\n\n\n<figure class=\"wp-block-embed is-type-rich is-provider-twitter wp-block-embed-twitter\"><div class=\"wp-block-embed__wrapper\">\n<div class=\"twitter-tweet\"><blockquote class=\"twitter-tweet\" data-lang=\"es\"><p lang=\"es\" dir=\"ltr\">Integrantes del Sindicato Aut\u00f3nomo del <a href=\"https:\/\/twitter.com\/MunicipioOaxaca?ref_src=twsrc%5Etfw\">@MunicipioOaxaca<\/a> acudieron hoy al palacio municipal en busca de di\u00e1logo con las nuevas autoridades. <br><br>El edil <a href=\"https:\/\/twitter.com\/raychagoya?ref_src=twsrc%5Etfw\">@raychagoya<\/a> los recibi\u00f3 y atendi\u00f3, acompa\u00f1ado de funcionarios. <br><br>Les reiter\u00f3 su respeto a sus conquistas laborales y ofreci\u00f3\u2026 <a href=\"https:\/\/t.co\/xp7knQnpGJ\">pic.twitter.com\/xp7knQnpGJ<\/a><\/p>&mdash; Zona Roja Oaxaca (@ZonaRoja_Oaxaca) <a href=\"https:\/\/twitter.com\/ZonaRoja_Oaxaca\/status\/1877457822583238745?ref_src=twsrc%5Etfw\">9 de enero de 2025<\/a><\/blockquote><\/div>\n<\/div><\/figure>\n","protected":false},"excerpt":{"rendered":"<p>Redacci\u00f3n\/Zona Roja. Oaxaca de Ju\u00e1rez, Oax., a 10 de enero de 2025.\u2013 Dirigentes y trabajadores&hellip;<\/p>\n","protected":false},"author":2,"featured_media":76321,"comment_status":"closed","ping_status":"open","sticky":false,"template":"","format":"standard","meta":{"_lmt_disableupdate":"","_lmt_disable":"","_jetpack_memberships_contains_paid_content":false,"footnotes":""},"categories":[109,46],"tags":[4142],"class_list":["post-76320","post","type-post","status-publish","format-standard","has-post-thumbnail","hentry","category-minuto-a-minuto","category-zona-blanca","tag-raymundo-chagoya"],"jetpack_featured_media_url":"https:\/\/zonaroja.com.mx\/wp-content\/uploads\/2025\/01\/Raymundo-Chagoya-Sindicato-Autonomo.jpg","jetpack_sharing_enabled":true,"_links":{"self":[{"href":"https:\/\/zonaroja.com.mx\/index.php?rest_route=\/wp\/v2\/posts\/76320","targetHints":{"allow":["GET"]}}],"collection":[{"href":"https:\/\/zonaroja.com.mx\/index.php?rest_route=\/wp\/v2\/posts"}],"about":[{"href":"https:\/\/zonaroja.com.mx\/index.php?rest_route=\/wp\/v2\/types\/post"}],"author":[{"embeddable":true,"href":"https:\/\/zonaroja.com.mx\/index.php?rest_route=\/wp\/v2\/users\/2"}],"replies":[{"embeddable":true,"href":"https:\/\/zonaroja.com.mx\/index.php?rest_route=%2Fwp%2Fv2%2Fcomments&post=76320"}],"version-history":[{"count":1,"href":"https:\/\/zonaroja.com.mx\/index.php?rest_route=\/wp\/v2\/posts\/76320\/revisions"}],"predecessor-version":[{"id":76322,"href":"https:\/\/zonaroja.com.mx\/index.php?rest_route=\/wp\/v2\/posts\/76320\/revisions\/76322"}],"wp:featuredmedia":[{"embeddable":true,"href":"https:\/\/zonaroja.com.mx\/index.php?rest_route=\/wp\/v2\/media\/76321"}],"wp:attachment":[{"href":"https:\/\/zonaroja.com.mx\/index.php?rest_route=%2Fwp%2Fv2%2Fmedia&parent=76320"}],"wp:term":[{"taxonomy":"category","embeddable":true,"href":"https:\/\/zonaroja.com.mx\/index.php?rest_route=%2Fwp%2Fv2%2Fcategories&post=76320"},{"taxonomy":"post_tag","embeddable":true,"href":"https:\/\/zonaroja.com.mx\/index.php?rest_route=%2Fwp%2Fv2%2Ftags&post=76320"}],"curies":[{"name":"wp","href":"https:\/\/api.w.org\/{rel}","templated":true}]}}