{"id":76323,"date":"2025-01-10T08:18:00","date_gmt":"2025-01-10T14:18:00","guid":{"rendered":"https:\/\/zonaroja.com.mx\/?p=76323"},"modified":"2025-01-10T07:19:44","modified_gmt":"2025-01-10T13:19:44","slug":"violencia-incesante-en-el-istmo-dos-asesinados","status":"publish","type":"post","link":"https:\/\/zonaroja.com.mx\/?p=76323","title":{"rendered":"Violencia incesante en el Istmo: dos asesinados"},"content":{"rendered":"\n<p>Ismael Garc\u00eda M.\/Zona Roja.<\/p>\n\n\n\n<p>Oaxaca de Ju\u00e1rez, Oax., a 10 de enero de 2025.- Ante la nula presencia policiaca municipal, dos personas fueron asesinadas este jueves en la regi\u00f3n del Istmo de Tehuantepec.<\/p>\n\n\n\n<p>El m\u00e1s reciente hecho ocurri\u00f3 anoche en la avenida Mariano Abasolo de la Segunda Secci\u00f3n del municipio de Juchit\u00e1n de Zaragoza, donde ultimaron a un mototaxista identificado como Ever \u201cN\u201d.<\/p>\n\n\n\n<p>Sujetos armados lo acribillaron cuando circulaba con su unidad de motor con n\u00famero econ\u00f3mico 04, afiliada a la Asociaci\u00f3n de Trabajadores Mototaxistas (ATM), tras lo cual huyeron.<\/p>\n\n\n\n<p>Previo a ello, en el municipio de Santo Domingo Tehuantepec fue ultimado a balazos otra persona del sexo masculino; otra m\u00e1s result\u00f3 lesionada.<\/p>\n\n\n\n<p>El ataque armado ocurri\u00f3 en la carretera rumbo a Salina Cruz, jurisdicci\u00f3n de la colonia L\u00e1zaro C\u00e1rdenas, cerca de un arco de seguridad; de manera preliminar se inform\u00f3 que la v\u00edctima mortal fue identificada como Zacar\u00edas \u201cN\u201d, con el alias de \u201cEl Chaca\u201d.<\/p>\n\n\n\n<p>De nueva cuenta, las corporaciones policiacas arribaron \u00fanicamente para tomar conocimiento del hecho y resguardar el \u00e1rea.<\/p>\n\n\n\n<p>La Fiscal\u00eda General del Estado de Oaxaca, a trav\u00e9s de la Vicefiscal\u00eda Regional del Istmo, inici\u00f3 las indagatorias correspondientes.<\/p>\n","protected":false},"excerpt":{"rendered":"<p>Ismael Garc\u00eda M.\/Zona Roja. Oaxaca de Ju\u00e1rez, Oax., a 10 de enero de 2025.- Ante&hellip;<\/p>\n","protected":false},"author":2,"featured_media":76324,"comment_status":"closed","ping_status":"open","sticky":false,"template":"","format":"standard","meta":{"_lmt_disableupdate":"","_lmt_disable":"","_jetpack_memberships_contains_paid_content":false,"footnotes":""},"categories":[109,51],"tags":[533,297],"class_list":["post-76323","post","type-post","status-publish","format-standard","has-post-thumbnail","hentry","category-minuto-a-minuto","category-zona-roja","tag-asesinado-en-tehuantepec","tag-ejecutado-juchitan"],"jetpack_featured_media_url":"https:\/\/zonaroja.com.mx\/wp-content\/uploads\/2025\/01\/Ejecutado-Tehuantepec.jpeg","jetpack_sharing_enabled":true,"_links":{"self":[{"href":"https:\/\/zonaroja.com.mx\/index.php?rest_route=\/wp\/v2\/posts\/76323","targetHints":{"allow":["GET"]}}],"collection":[{"href":"https:\/\/zonaroja.com.mx\/index.php?rest_route=\/wp\/v2\/posts"}],"about":[{"href":"https:\/\/zonaroja.com.mx\/index.php?rest_route=\/wp\/v2\/types\/post"}],"author":[{"embeddable":true,"href":"https:\/\/zonaroja.com.mx\/index.php?rest_route=\/wp\/v2\/users\/2"}],"replies":[{"embeddable":true,"href":"https:\/\/zonaroja.com.mx\/index.php?rest_route=%2Fwp%2Fv2%2Fcomments&post=76323"}],"version-history":[{"count":1,"href":"https:\/\/zonaroja.com.mx\/index.php?rest_route=\/wp\/v2\/posts\/76323\/revisions"}],"predecessor-version":[{"id":76325,"href":"https:\/\/zonaroja.com.mx\/index.php?rest_route=\/wp\/v2\/posts\/76323\/revisions\/76325"}],"wp:featuredmedia":[{"embeddable":true,"href":"https:\/\/zonaroja.com.mx\/index.php?rest_route=\/wp\/v2\/media\/76324"}],"wp:attachment":[{"href":"https:\/\/zonaroja.com.mx\/index.php?rest_route=%2Fwp%2Fv2%2Fmedia&parent=76323"}],"wp:term":[{"taxonomy":"category","embeddable":true,"href":"https:\/\/zonaroja.com.mx\/index.php?rest_route=%2Fwp%2Fv2%2Fcategories&post=76323"},{"taxonomy":"post_tag","embeddable":true,"href":"https:\/\/zonaroja.com.mx\/index.php?rest_route=%2Fwp%2Fv2%2Ftags&post=76323"}],"curies":[{"name":"wp","href":"https:\/\/api.w.org\/{rel}","templated":true}]}}