{"id":76329,"date":"2025-01-10T09:32:38","date_gmt":"2025-01-10T15:32:38","guid":{"rendered":"https:\/\/zonaroja.com.mx\/?p=76329"},"modified":"2025-01-10T09:32:40","modified_gmt":"2025-01-10T15:32:40","slug":"asamblea-de-san-pedro-ocotepec-mixe-pide-se-libere-a-sus-autoridades","status":"publish","type":"post","link":"https:\/\/zonaroja.com.mx\/?p=76329","title":{"rendered":"Asamblea de San Pedro Ocotepec Mixe pide se libere a sus autoridades"},"content":{"rendered":"\n<p>Raymundo Morales\/Zona Roja.<\/p>\n\n\n\n<p>Oaxaca de Ju\u00e1rez, Oax., a 10 de enero de 2025.- La asamblea ciudadana de San Pedro Ocotepec Mixe acord\u00f3 demandar a la Fiscal\u00eda General del Estado de Oaxaca la liberaci\u00f3n de sus autoridades municipales, detenidas la noche del mi\u00e9rcoles en la zona conurbada a la capital.<\/p>\n\n\n\n<p>En un comunicado, denunciaron que el presidente municipal y siete personas m\u00e1s, presuntamente se encontraban incomunicadas para no recibir asistencia jur\u00eddica.<\/p>\n\n\n\n<p>\u201cLa comunidad&nbsp;hace un llamado a las organizaciones defensoras de derechos ind\u00edgenas, a la Defensor\u00eda de Derechos Humanos del Pueblo de Oaxaca y la Comisi\u00f3n Nacional de Derechos Humanos, intervenci\u00f3n inmediata para evitar la criminalizaci\u00f3n de nuestras autoridades y las violaciones de sus derechos humanos\u201d, detallaron.&nbsp;<\/p>\n\n\n\n<p>Expusieron que las autoridades municipales de San Pedro Ocotepec Mixe, quienes fueron detenidas, \u201cson personas integras y de alta honorabilidad en nuestra comunidad,&nbsp;la asamblea les ha encomendado generar procesos de di\u00e1logo para la pacificaci\u00f3n y la reconstituci\u00f3n de los tejidos comunitarios\u201d.<\/p>\n\n\n\n<p>Aseguraron que ellos no cometieron ning\u00fan delito, pues el nuevo Cabildo asumi\u00f3 funciones la tarde del 1 de enero y los hechos por lo que se les se\u00f1ala como probables responsables, han sido en a\u00f1os anteriores.&nbsp;<\/p>\n\n\n\n<p>\u201cLa comunidad de San Pedro Ocotepec hacemos un llamado en\u00e9rgico al gobernador Salom\u00f3n Jara y a la Fiscal\u00eda General de Justicia del Estado poner en inmediata libertad a nuestras autoridades,&nbsp;si no, la comunidad tomaran acciones para defender a nuestras autoridades que han sido detenidos&nbsp;de manera arbitraria&nbsp;y que los han detenido sin darles oportunidad de contar con un interprete y abogado que los defienda, hasta la fecha se les sigue violentando en forma grave su derecho humano de presunci\u00f3n de inocencia\u201d.<\/p>\n","protected":false},"excerpt":{"rendered":"<p>Raymundo Morales\/Zona Roja. Oaxaca de Ju\u00e1rez, Oax., a 10 de enero de 2025.- La asamblea&hellip;<\/p>\n","protected":false},"author":2,"featured_media":76330,"comment_status":"closed","ping_status":"open","sticky":false,"template":"","format":"standard","meta":{"_lmt_disableupdate":"","_lmt_disable":"","_jetpack_memberships_contains_paid_content":false,"footnotes":""},"categories":[109,47],"tags":[4160],"class_list":["post-76329","post","type-post","status-publish","format-standard","has-post-thumbnail","hentry","category-minuto-a-minuto","category-zona-gris","tag-san-pedro-ocotepec-mixe"],"jetpack_featured_media_url":"https:\/\/zonaroja.com.mx\/wp-content\/uploads\/2025\/01\/Asamblea-San-Pedro-Ocotepec.jpg","jetpack_sharing_enabled":true,"_links":{"self":[{"href":"https:\/\/zonaroja.com.mx\/index.php?rest_route=\/wp\/v2\/posts\/76329","targetHints":{"allow":["GET"]}}],"collection":[{"href":"https:\/\/zonaroja.com.mx\/index.php?rest_route=\/wp\/v2\/posts"}],"about":[{"href":"https:\/\/zonaroja.com.mx\/index.php?rest_route=\/wp\/v2\/types\/post"}],"author":[{"embeddable":true,"href":"https:\/\/zonaroja.com.mx\/index.php?rest_route=\/wp\/v2\/users\/2"}],"replies":[{"embeddable":true,"href":"https:\/\/zonaroja.com.mx\/index.php?rest_route=%2Fwp%2Fv2%2Fcomments&post=76329"}],"version-history":[{"count":1,"href":"https:\/\/zonaroja.com.mx\/index.php?rest_route=\/wp\/v2\/posts\/76329\/revisions"}],"predecessor-version":[{"id":76331,"href":"https:\/\/zonaroja.com.mx\/index.php?rest_route=\/wp\/v2\/posts\/76329\/revisions\/76331"}],"wp:featuredmedia":[{"embeddable":true,"href":"https:\/\/zonaroja.com.mx\/index.php?rest_route=\/wp\/v2\/media\/76330"}],"wp:attachment":[{"href":"https:\/\/zonaroja.com.mx\/index.php?rest_route=%2Fwp%2Fv2%2Fmedia&parent=76329"}],"wp:term":[{"taxonomy":"category","embeddable":true,"href":"https:\/\/zonaroja.com.mx\/index.php?rest_route=%2Fwp%2Fv2%2Fcategories&post=76329"},{"taxonomy":"post_tag","embeddable":true,"href":"https:\/\/zonaroja.com.mx\/index.php?rest_route=%2Fwp%2Fv2%2Ftags&post=76329"}],"curies":[{"name":"wp","href":"https:\/\/api.w.org\/{rel}","templated":true}]}}