{"id":76332,"date":"2025-01-10T10:00:00","date_gmt":"2025-01-10T16:00:00","guid":{"rendered":"https:\/\/zonaroja.com.mx\/?p=76332"},"modified":"2025-01-10T09:44:10","modified_gmt":"2025-01-10T15:44:10","slug":"instalan-consejo-intermunicipal-del-istmo-para-atender-problematicas","status":"publish","type":"post","link":"https:\/\/zonaroja.com.mx\/?p=76332","title":{"rendered":"Instalan Consejo Intermunicipal del Istmo, para atender problem\u00e1ticas\u00a0"},"content":{"rendered":"\n<p>Redacci\u00f3n\/Zona Roja.<\/p>\n\n\n\n<p>Oaxaca de Ju\u00e1rez, Oax., a 10 de enero de 2025.- El Gobernador del Estado, Salom\u00f3n Jara Cruz, acompa\u00f1ado de la presidenta honoraria del Sistema para el Desarrollo Integral de la Familia (DIF) Oaxaca, Irma Bola\u00f1os Quijano, encabez\u00f3 la instalaci\u00f3n del Consejo Intermunicipal del Istmo de Tehuantepec, integrado por autoridades municipales, estatales y federales.<\/p>\n\n\n\n<p>El mandatario estatal destac\u00f3 que la instalaci\u00f3n de este Consejo impulsar\u00e1 las acciones encaminadas a cristalizar el Corredor Interoce\u00e1nico del Istmo de Tehuantepec (CIIT), adem\u00e1s beneficiar\u00e1 al desarrollo integral de esta regi\u00f3n con trabajos coordinados y estrategias para proyectos de salud, econom\u00eda, turismo, movilidad, cultura, deporte, entre otros.<\/p>\n\n\n\n<p>Se\u00f1al\u00f3 que el megaproyecto del CIIT catapultar\u00e1 a Oaxaca a escala global con m\u00e1s industria, empleo, comercio multimodal y flujo de capital, las cuales marcar\u00e1n un hecho sin precedentes en la econom\u00eda estatal.<\/p>\n\n\n\n<p>Jara Cruz a\u00f1adi\u00f3 que, despu\u00e9s de casi 20 a\u00f1os, la autopista Mitla-Tehuantepec ser\u00e1 una realidad gracias al esfuerzo del Gobierno Federal y con el compromiso indeclinable de la Presidenta Claudia Sheinbaum Pardo.<\/p>\n\n\n\n<p>\u201cSe trata de una v\u00eda de comunicaci\u00f3n moderna que beneficiar\u00e1 a m\u00e1s de 80 mil habitantes de 14 municipios y que contar\u00e1 con m\u00e1s de 169 kil\u00f3metros, lo que disminuir\u00e1 el tiempo de recorrido de Oaxaca al Istmo de Tehuantepec\u201d, anunci\u00f3.<\/p>\n\n\n\n<p>El Consejo Intermunicipal sesionar\u00e1 una vez al mes para trabajar en dos ejes. El primero plantea promover esta zona como destino tur\u00edstico con la viabilidad que ofrece la nueva autopista Mitla-Tehuantepec, mediante la coordinaci\u00f3n entre autoridades de los tres \u00f3rdenes, la sociedad civil y el sector privado.<\/p>\n\n\n\n<p>Mientras que, el segundo se enfoca en acciones en temas prioritarios como: seguridad, salud, desarrollo econ\u00f3mico, cultura, deporte, turismo, ordenamiento territorial y movilidad; con visi\u00f3n de corto, mediano y largo plazo.<\/p>\n\n\n\n<p>Finalmente, el titular del Poder Ejecutivo refrend\u00f3 el compromiso de la Primavera Oaxaque\u00f1a por fortalecer los lazos de coordinaci\u00f3n entre los tres \u00f3rdenes de gobierno a fin de consolidar un estado justo, pr\u00f3spero y con paz.<\/p>\n\n\n\n<figure class=\"wp-block-embed is-type-rich is-provider-twitter wp-block-embed-twitter\"><div class=\"wp-block-embed__wrapper\">\n<div class=\"twitter-tweet\"><blockquote class=\"twitter-tweet\" data-lang=\"es\"><p lang=\"es\" dir=\"ltr\">Instalamos el Consejo Intermunicipal del Istmo de Tehuantepec, un espacio de an\u00e1lisis, toma de decisiones y orientaci\u00f3n de acciones para la consolidaci\u00f3n de los proyectos estrat\u00e9gicos de la regi\u00f3n, como la autopista Mitla-Tehuantepec y el Corredor Interoce\u00e1nico del Istmo de\u2026 <a href=\"https:\/\/t.co\/QeToqsmsQV\">pic.twitter.com\/QeToqsmsQV<\/a><\/p>&mdash; Salom\u00f3n Jara Cruz (@salomonj) <a href=\"https:\/\/twitter.com\/salomonj\/status\/1877553131929940321?ref_src=twsrc%5Etfw\">10 de enero de 2025<\/a><\/blockquote><\/div>\n<\/div><\/figure>\n","protected":false},"excerpt":{"rendered":"<p>Redacci\u00f3n\/Zona Roja. Oaxaca de Ju\u00e1rez, Oax., a 10 de enero de 2025.- El Gobernador del&hellip;<\/p>\n","protected":false},"author":2,"featured_media":76333,"comment_status":"closed","ping_status":"open","sticky":false,"template":"","format":"standard","meta":{"_lmt_disableupdate":"","_lmt_disable":"","_jetpack_memberships_contains_paid_content":false,"footnotes":""},"categories":[109,46],"tags":[939],"class_list":["post-76332","post","type-post","status-publish","format-standard","has-post-thumbnail","hentry","category-minuto-a-minuto","category-zona-blanca","tag-salomon-jara-cruz"],"jetpack_featured_media_url":"https:\/\/zonaroja.com.mx\/wp-content\/uploads\/2025\/01\/Consejo-municipios-Istmo-Salomon-Jara.jpeg","jetpack_sharing_enabled":true,"_links":{"self":[{"href":"https:\/\/zonaroja.com.mx\/index.php?rest_route=\/wp\/v2\/posts\/76332","targetHints":{"allow":["GET"]}}],"collection":[{"href":"https:\/\/zonaroja.com.mx\/index.php?rest_route=\/wp\/v2\/posts"}],"about":[{"href":"https:\/\/zonaroja.com.mx\/index.php?rest_route=\/wp\/v2\/types\/post"}],"author":[{"embeddable":true,"href":"https:\/\/zonaroja.com.mx\/index.php?rest_route=\/wp\/v2\/users\/2"}],"replies":[{"embeddable":true,"href":"https:\/\/zonaroja.com.mx\/index.php?rest_route=%2Fwp%2Fv2%2Fcomments&post=76332"}],"version-history":[{"count":1,"href":"https:\/\/zonaroja.com.mx\/index.php?rest_route=\/wp\/v2\/posts\/76332\/revisions"}],"predecessor-version":[{"id":76334,"href":"https:\/\/zonaroja.com.mx\/index.php?rest_route=\/wp\/v2\/posts\/76332\/revisions\/76334"}],"wp:featuredmedia":[{"embeddable":true,"href":"https:\/\/zonaroja.com.mx\/index.php?rest_route=\/wp\/v2\/media\/76333"}],"wp:attachment":[{"href":"https:\/\/zonaroja.com.mx\/index.php?rest_route=%2Fwp%2Fv2%2Fmedia&parent=76332"}],"wp:term":[{"taxonomy":"category","embeddable":true,"href":"https:\/\/zonaroja.com.mx\/index.php?rest_route=%2Fwp%2Fv2%2Fcategories&post=76332"},{"taxonomy":"post_tag","embeddable":true,"href":"https:\/\/zonaroja.com.mx\/index.php?rest_route=%2Fwp%2Fv2%2Ftags&post=76332"}],"curies":[{"name":"wp","href":"https:\/\/api.w.org\/{rel}","templated":true}]}}