{"id":76340,"date":"2025-01-10T12:54:00","date_gmt":"2025-01-10T18:54:00","guid":{"rendered":"https:\/\/zonaroja.com.mx\/?p=76340"},"modified":"2025-01-10T09:59:36","modified_gmt":"2025-01-10T15:59:36","slug":"presidente-del-congreso-de-oaxaca-reconoce-a-sheinbaum-al-cumplir-100-dias-de-gobierno","status":"publish","type":"post","link":"https:\/\/zonaroja.com.mx\/?p=76340","title":{"rendered":"Presidente del Congreso de Oaxaca reconoce a Sheinbaum, al cumplir 100 d\u00edas de gobierno"},"content":{"rendered":"\n<p>Redacci\u00f3n\/Zona Roja.<\/p>\n\n\n\n<p>Oaxaca de Ju\u00e1rez, Oax., a 10 de enero de 2025.- A 100 d\u00edas de gobierno de la Presidenta de M\u00e9xico, Claudia Sheinbaum Pardo, el diputado Benjam\u00edn Viveros Montalvo reconoci\u00f3 los avances sustantivos en favor de los sectores m\u00e1s desprotegidos de la poblaci\u00f3n; mientras que, la legisladora Antonia Natividad D\u00edaz Jim\u00e9nez, se\u00f1al\u00f3 la importancia de evaluar los logros alcanzados desde un enfoque integral, basado en la justicia, la transparencia e inclusi\u00f3n social.<\/p>\n\n\n\n<p>En sesi\u00f3n ordinaria virtual, Viveros Montalvo resalt\u00f3 la visi\u00f3n humanista, el amor al pueblo de M\u00e9xico y los principios de honestidad, la paz, la democracia que han marcado la gesti\u00f3n de la Primer Mandataria de la naci\u00f3n, los cuales se traducen en programas sociales que atacan las causas estructurales que han originado la pobreza.<\/p>\n\n\n\n<p>\u201cLas acciones emprendidas priorizan la prosperidad compartida, la salud, la infraestructura para el desarrollo y el fortalecimiento del Estado de Derecho, y son un claro ejemplo del compromiso por un M\u00e9xico m\u00e1s pr\u00f3spero y equitativo\u201d, subray\u00f3.&nbsp;<\/p>\n\n\n\n<p>En este sentido reconoci\u00f3 que, su llegada a la Presidencia de M\u00e9xico representa el triunfo no solo para las mujeres, sino para las y los mexicanos en general, pues se consolidan las bases en la construcci\u00f3n de un pa\u00eds m\u00e1s justo e igualitario.<\/p>\n\n\n\n<p>Por su parte, durante su intervenci\u00f3n, la diputada Antonia Natividad D\u00edaz Jim\u00e9nez precis\u00f3 que, para que Sheinbaum Pardo logre consolidar su visi\u00f3n y proyecto de naci\u00f3n, su Gobierno debe estar comprometido con la verdad y la transparencia, pues son pilares que fomentan la confianza ciudadana.<\/p>\n\n\n\n<p>Adem\u00e1s, destac\u00f3 que la perspectiva de g\u00e9nero debe ser un componente esencial en la elaboraci\u00f3n de las pol\u00edticas p\u00fablicas \u201cporque ello representa no solo un acto de justicia social, sino tambi\u00e9n enriquece la toma de decisiones al considerar las necesidades y experiencias de todas las personas, independientemente de su g\u00e9nero\u201d, sostuvo.<\/p>\n\n\n\n<p>Agreg\u00f3 que el humanismo pol\u00edtico es otro elemento clave que deben tener las acciones y programas gubernamentales que se impulsen, priorizando la dignidad, justicia social y equidad del ser humano y sus necesidades.<\/p>\n\n\n\n<p>En este sentido, enfatiz\u00f3 que solo as\u00ed podr\u00e1 construirse una base s\u00f3lida para su mandato, y contribuir al fortalecimiento de la democracia y al bienestar de la sociedad en su conjunto.<\/p>\n","protected":false},"excerpt":{"rendered":"<p>Redacci\u00f3n\/Zona Roja. Oaxaca de Ju\u00e1rez, Oax., a 10 de enero de 2025.- A 100 d\u00edas&hellip;<\/p>\n","protected":false},"author":2,"featured_media":76341,"comment_status":"closed","ping_status":"open","sticky":false,"template":"","format":"standard","meta":{"_lmt_disableupdate":"","_lmt_disable":"","_jetpack_memberships_contains_paid_content":false,"footnotes":""},"categories":[109,46],"tags":[3664],"class_list":["post-76340","post","type-post","status-publish","format-standard","has-post-thumbnail","hentry","category-minuto-a-minuto","category-zona-blanca","tag-benjamin-viveros-montalvo"],"jetpack_featured_media_url":"https:\/\/zonaroja.com.mx\/wp-content\/uploads\/2025\/01\/Benjamin-viveros-y-Claudia-Sheinbaum.jpg","jetpack_sharing_enabled":true,"_links":{"self":[{"href":"https:\/\/zonaroja.com.mx\/index.php?rest_route=\/wp\/v2\/posts\/76340","targetHints":{"allow":["GET"]}}],"collection":[{"href":"https:\/\/zonaroja.com.mx\/index.php?rest_route=\/wp\/v2\/posts"}],"about":[{"href":"https:\/\/zonaroja.com.mx\/index.php?rest_route=\/wp\/v2\/types\/post"}],"author":[{"embeddable":true,"href":"https:\/\/zonaroja.com.mx\/index.php?rest_route=\/wp\/v2\/users\/2"}],"replies":[{"embeddable":true,"href":"https:\/\/zonaroja.com.mx\/index.php?rest_route=%2Fwp%2Fv2%2Fcomments&post=76340"}],"version-history":[{"count":1,"href":"https:\/\/zonaroja.com.mx\/index.php?rest_route=\/wp\/v2\/posts\/76340\/revisions"}],"predecessor-version":[{"id":76342,"href":"https:\/\/zonaroja.com.mx\/index.php?rest_route=\/wp\/v2\/posts\/76340\/revisions\/76342"}],"wp:featuredmedia":[{"embeddable":true,"href":"https:\/\/zonaroja.com.mx\/index.php?rest_route=\/wp\/v2\/media\/76341"}],"wp:attachment":[{"href":"https:\/\/zonaroja.com.mx\/index.php?rest_route=%2Fwp%2Fv2%2Fmedia&parent=76340"}],"wp:term":[{"taxonomy":"category","embeddable":true,"href":"https:\/\/zonaroja.com.mx\/index.php?rest_route=%2Fwp%2Fv2%2Fcategories&post=76340"},{"taxonomy":"post_tag","embeddable":true,"href":"https:\/\/zonaroja.com.mx\/index.php?rest_route=%2Fwp%2Fv2%2Ftags&post=76340"}],"curies":[{"name":"wp","href":"https:\/\/api.w.org\/{rel}","templated":true}]}}