{"id":76346,"date":"2025-01-10T19:49:23","date_gmt":"2025-01-11T01:49:23","guid":{"rendered":"https:\/\/zonaroja.com.mx\/?p=76346"},"modified":"2025-01-10T19:49:25","modified_gmt":"2025-01-11T01:49:25","slug":"matan-a-balazos-a-una-persona-de-la-comunidad-lgtb-en-jamiltepec-oaxaca","status":"publish","type":"post","link":"https:\/\/zonaroja.com.mx\/?p=76346","title":{"rendered":"Matan a balazos a una persona de la comunidad LGTB en Jamiltepec, Oaxaca"},"content":{"rendered":"\n<p>Raymundo Morales\/Zona Roja.<\/p>\n\n\n\n<p>Oaxaca de Ju\u00e1rez, Oax., a 10 de enero de 2021.- Una persona integrante de la comunidad de la diversidad sexual fue asesinada este viernes en Santiago Jamiltepec, municipio de la regi\u00f3n Costa de Oaxaca.<\/p>\n\n\n\n<p>La v\u00edctima fue identificada como J. E. C., mejor conocida como \u201cZulma\u201d, de 43 a\u00f1os de edad, y fue ultimada en el interior de la est\u00e9tica de su propiedad, a un costado de la cafetera federal 200.<\/p>\n\n\n\n<p>Sujetos armados ingresaron al establecimiento y le dispararon de manera directa, tras lo cual huyeron de la zona, sin que fueran interceptados por los polic\u00edas, a pesar de la claridad del d\u00eda.<\/p>\n\n\n\n<p>Personal de la Vicefiscal\u00eda Regional de la Costa, de la Fiscal\u00eda General del Estado de Oaxaca, abri\u00f3 la carpeta de investigaci\u00f3n correspondiente, con la finalidad de esclarecer los hechos y procurar justicia.<\/p>\n\n\n\n<p>De manera preliminar se inform\u00f3 que \u201cZulma\u201d era originaria la comunidad de Mancuernas, municipio de Santiago Pinotepa Nacional.<\/p>\n\n\n\n<p>A trav\u00e9s de las redes sociales, la comunidad LGTBQ+ ha expresado su indignaci\u00f3n por el crimen y por lo cual exige justicia.<\/p>\n","protected":false},"excerpt":{"rendered":"<p>Raymundo Morales\/Zona Roja. Oaxaca de Ju\u00e1rez, Oax., a 10 de enero de 2021.- Una persona&hellip;<\/p>\n","protected":false},"author":2,"featured_media":76347,"comment_status":"closed","ping_status":"open","sticky":false,"template":"","format":"standard","meta":{"_lmt_disableupdate":"","_lmt_disable":"","_jetpack_memberships_contains_paid_content":false,"footnotes":""},"categories":[109,51],"tags":[797],"class_list":["post-76346","post","type-post","status-publish","format-standard","has-post-thumbnail","hentry","category-minuto-a-minuto","category-zona-roja","tag-santiago-jamiltepec"],"jetpack_featured_media_url":"https:\/\/zonaroja.com.mx\/wp-content\/uploads\/2025\/01\/Santiago-Jamiltepec.jpg","jetpack_sharing_enabled":true,"_links":{"self":[{"href":"https:\/\/zonaroja.com.mx\/index.php?rest_route=\/wp\/v2\/posts\/76346","targetHints":{"allow":["GET"]}}],"collection":[{"href":"https:\/\/zonaroja.com.mx\/index.php?rest_route=\/wp\/v2\/posts"}],"about":[{"href":"https:\/\/zonaroja.com.mx\/index.php?rest_route=\/wp\/v2\/types\/post"}],"author":[{"embeddable":true,"href":"https:\/\/zonaroja.com.mx\/index.php?rest_route=\/wp\/v2\/users\/2"}],"replies":[{"embeddable":true,"href":"https:\/\/zonaroja.com.mx\/index.php?rest_route=%2Fwp%2Fv2%2Fcomments&post=76346"}],"version-history":[{"count":1,"href":"https:\/\/zonaroja.com.mx\/index.php?rest_route=\/wp\/v2\/posts\/76346\/revisions"}],"predecessor-version":[{"id":76348,"href":"https:\/\/zonaroja.com.mx\/index.php?rest_route=\/wp\/v2\/posts\/76346\/revisions\/76348"}],"wp:featuredmedia":[{"embeddable":true,"href":"https:\/\/zonaroja.com.mx\/index.php?rest_route=\/wp\/v2\/media\/76347"}],"wp:attachment":[{"href":"https:\/\/zonaroja.com.mx\/index.php?rest_route=%2Fwp%2Fv2%2Fmedia&parent=76346"}],"wp:term":[{"taxonomy":"category","embeddable":true,"href":"https:\/\/zonaroja.com.mx\/index.php?rest_route=%2Fwp%2Fv2%2Fcategories&post=76346"},{"taxonomy":"post_tag","embeddable":true,"href":"https:\/\/zonaroja.com.mx\/index.php?rest_route=%2Fwp%2Fv2%2Ftags&post=76346"}],"curies":[{"name":"wp","href":"https:\/\/api.w.org\/{rel}","templated":true}]}}