{"id":76349,"date":"2025-01-10T21:11:52","date_gmt":"2025-01-11T03:11:52","guid":{"rendered":"https:\/\/zonaroja.com.mx\/?p=76349"},"modified":"2025-01-10T21:11:54","modified_gmt":"2025-01-11T03:11:54","slug":"con-135-mdp-inician-bacheo-de-vialidades-en-la-capital-y-zona-metropolitana","status":"publish","type":"post","link":"https:\/\/zonaroja.com.mx\/?p=76349","title":{"rendered":"Con 135 mdp, inician bacheo de vialidades en la capital y zona metropolitana\u00a0"},"content":{"rendered":"\n<p>Redacci\u00f3n\/Zona Roja.<\/p>\n\n\n\n<p>Oaxaca de Ju\u00e1rez, Oax., a 10 de enero de 2024.- En una hist\u00f3rica suma de esfuerzo coordinado entre el Gobierno del Estado y los municipios de Oaxaca de Ju\u00e1rez, Santa Luc\u00eda del Camino y Santa Cruz Xoxocotl\u00e1n, el gobernador Salom\u00f3n Jara Cruz inici\u00f3 el Mega Plan de Bacheo y Reencarpetamiento de la Zona Metropolitana de Oaxaca.<\/p>\n\n\n\n<p>Esta acci\u00f3n contempla la atenci\u00f3n de 140 kil\u00f3metros de vialidades en los pr\u00f3ximos tres meses, con una inversi\u00f3n de 135 millones de pesos.<\/p>\n\n\n\n<p>El titular del Poder Ejecutivo expres\u00f3 que esta iniciativa forma parte del Plan de Acci\u00f3n para la Zona Metropolitana de Oaxaca, que incluye el mejoramiento de las vialidades, luminarias y el embellecimiento de los accesos a la ciudad capital para procurar a las y los oaxaque\u00f1os una mejor movilidad, brindar mayor seguridad y ser m\u00e1s sostenibles.<\/p>\n\n\n\n<p>\u201cLa Primavera Oaxaque\u00f1a tiene muy claro que mejorar las calles y avenidas es construir mejores horizontes de bienestar para el pueblo. A dos a\u00f1os de gobierno estamos trabajando y haciendo equipo con los municipios\u201d, afirm\u00f3.<\/p>\n\n\n\n<p>Jara Cruz afirm\u00f3 que, la coordinaci\u00f3n entre los diferentes \u00f3rdenes de gobierno, contribuir\u00e1 a obtener los mejores resultados y cumplir la palabra empe\u00f1ada con el pueblo, para vivir en bienestar.<\/p>\n\n\n\n<p>En su oportunidad, el titular de la Secretar\u00eda de Infraestructuras y Comunicaciones (SIC), Carlos Vichido Hern\u00e1ndez, expres\u00f3 que por primera vez en Oaxaca se trabaja en un proyecto integral que une esfuerzos estatal y municipales.<\/p>\n\n\n\n<p>Expres\u00f3 que estas acciones sin precedente, impulsadas por la Primavera Oaxaque\u00f1a, atienden una serie de peticiones ciudadanas para mejorar avenidas de alta circulaci\u00f3n vehicular y calles secundarias, reduciendo riesgo de accidentes, optimizando tiempos de viaje y disminuyendo la congesti\u00f3n vehicular.\u00a0<\/p>\n\n\n\n<figure class=\"wp-block-embed is-type-rich is-provider-twitter wp-block-embed-twitter\"><div class=\"wp-block-embed__wrapper\">\n<div class=\"twitter-tweet\"><blockquote class=\"twitter-tweet\" data-lang=\"es\"><p lang=\"es\" dir=\"ltr\">Este viernes dimos inicio al Mega Plan de Bacheo y Reencarpetamiento de la Zona Metropolitana <a href=\"https:\/\/twitter.com\/hashtag\/TacheAlBache?src=hash&amp;ref_src=twsrc%5Etfw\">#TacheAlBache<\/a> para el mejoramiento de calles y avenidas en los municipios de Oaxaca de Ju\u00e1rez, Santa Luc\u00eda del Camino y Santa Cruz Xoxocotl\u00e1n, con una inversi\u00f3n hist\u00f3rica de 135 mdp para\u2026 <a href=\"https:\/\/t.co\/97rkBMDWLX\">pic.twitter.com\/97rkBMDWLX<\/a><\/p>&mdash; Salom\u00f3n Jara Cruz (@salomonj) <a href=\"https:\/\/twitter.com\/salomonj\/status\/1877832959631188260?ref_src=twsrc%5Etfw\">10 de enero de 2025<\/a><\/blockquote><\/div>\n<\/div><\/figure>\n\n\n\n<p>En su oportunidad, las autoridades municipales Nancy Ben\u00edtez Zarate, de Santa Cruz Xoxocotl\u00e1n; Raymundo Chagoya, de Oaxaca de Ju\u00e1rez y Juan Carlos Garc\u00eda M\u00e1rquez, de Santa Luc\u00eda del Camino; reconocieron el apoyo del Gobierno de Oaxaca para llevar a cabo estos trabajos de mejoramiento en sus municipios.&nbsp;<\/p>\n\n\n\n<p>En materia de bacheo y reencarpetamiento en Oaxaca de Ju\u00e1rez se trabajar\u00e1 en la carretera Crist\u00f3bal Col\u00f3n, en el tramo de Viguera al Cerro del Fort\u00edn; tambi\u00e9n, del crucero de S\u00edmbolos Patrios al estadio de b\u00e9isbol y del estadio al M\u00f3dulo Azul.<\/p>\n\n\n\n<p>En Santa Luc\u00eda del Camino se atender\u00e1n avenida Ferrocarril, Hornos y las calles Orqu\u00eddeas y Jacarandas, entre otras vialidades. En tanto, en Santa Cruz Xoxocotl\u00e1n estas obras se implementar\u00e1n en el bulevar Guadalupe Hinojosa y su incorporaci\u00f3n al Congreso del Estado; todas estas labores se desarrollar\u00e1n en horario nocturno para no afectar la circulaci\u00f3n cotidiana de veh\u00edculos.<\/p>\n\n\n\n<p>El Gobernador de Oaxaca tambi\u00e9n reiter\u00f3 que, en Xoxocotl\u00e1n, se abrir\u00e1 la carretera de la ex Garita hasta el aeropuerto y se construir\u00e1n dos puentes para mantener la comunicaci\u00f3n.<\/p>\n\n\n\n<p>Asimismo, los trabajos de embellecimiento y dignificaci\u00f3n de los accesos a la ciudad de Oaxaca se realizar\u00e1n en los tramos Monumento Viguera-Cerro del Fort\u00edn; estadio de b\u00e9isbol al aeropuerto; crucero de 5 Se\u00f1ores a Tlalixtac de Cabrera y de la Fuente de las 8 Regiones a Melchor Ocampo, y al cruce con S\u00edmbolos Patrios.&nbsp;<\/p>\n\n\n\n<p>Aunado a ello, este Plan de Acci\u00f3n contempla, en una primera etapa, la inversi\u00f3n de m\u00e1s de 10.5 millones de pesos para rehabilitar 2 mil luminarias en los tres municipios; con ello se busca contribuir a la seguridad de las y los oaxaque\u00f1os, y visitantes.<\/p>\n","protected":false},"excerpt":{"rendered":"<p>Redacci\u00f3n\/Zona Roja. Oaxaca de Ju\u00e1rez, Oax., a 10 de enero de 2024.- En una hist\u00f3rica&hellip;<\/p>\n","protected":false},"author":2,"featured_media":76350,"comment_status":"closed","ping_status":"open","sticky":false,"template":"","format":"standard","meta":{"_lmt_disableupdate":"","_lmt_disable":"","_jetpack_memberships_contains_paid_content":false,"footnotes":""},"categories":[109,46],"tags":[939],"class_list":["post-76349","post","type-post","status-publish","format-standard","has-post-thumbnail","hentry","category-minuto-a-minuto","category-zona-blanca","tag-salomon-jara-cruz"],"jetpack_featured_media_url":"https:\/\/zonaroja.com.mx\/wp-content\/uploads\/2025\/01\/Bacheo-Salomon-Jara-Santa-Lucia-del-Camino.jpg","jetpack_sharing_enabled":true,"_links":{"self":[{"href":"https:\/\/zonaroja.com.mx\/index.php?rest_route=\/wp\/v2\/posts\/76349","targetHints":{"allow":["GET"]}}],"collection":[{"href":"https:\/\/zonaroja.com.mx\/index.php?rest_route=\/wp\/v2\/posts"}],"about":[{"href":"https:\/\/zonaroja.com.mx\/index.php?rest_route=\/wp\/v2\/types\/post"}],"author":[{"embeddable":true,"href":"https:\/\/zonaroja.com.mx\/index.php?rest_route=\/wp\/v2\/users\/2"}],"replies":[{"embeddable":true,"href":"https:\/\/zonaroja.com.mx\/index.php?rest_route=%2Fwp%2Fv2%2Fcomments&post=76349"}],"version-history":[{"count":1,"href":"https:\/\/zonaroja.com.mx\/index.php?rest_route=\/wp\/v2\/posts\/76349\/revisions"}],"predecessor-version":[{"id":76351,"href":"https:\/\/zonaroja.com.mx\/index.php?rest_route=\/wp\/v2\/posts\/76349\/revisions\/76351"}],"wp:featuredmedia":[{"embeddable":true,"href":"https:\/\/zonaroja.com.mx\/index.php?rest_route=\/wp\/v2\/media\/76350"}],"wp:attachment":[{"href":"https:\/\/zonaroja.com.mx\/index.php?rest_route=%2Fwp%2Fv2%2Fmedia&parent=76349"}],"wp:term":[{"taxonomy":"category","embeddable":true,"href":"https:\/\/zonaroja.com.mx\/index.php?rest_route=%2Fwp%2Fv2%2Fcategories&post=76349"},{"taxonomy":"post_tag","embeddable":true,"href":"https:\/\/zonaroja.com.mx\/index.php?rest_route=%2Fwp%2Fv2%2Ftags&post=76349"}],"curies":[{"name":"wp","href":"https:\/\/api.w.org\/{rel}","templated":true}]}}