{"id":7635,"date":"2020-01-13T20:33:50","date_gmt":"2020-01-14T02:33:50","guid":{"rendered":"http:\/\/www.zonaroja.com.mx\/?p=7635"},"modified":"2020-01-13T20:46:56","modified_gmt":"2020-01-14T02:46:56","slug":"conversara-amlo-con-pueblos-mixes-en-su-visita-a-oaxaca-viene-por-tres-dias","status":"publish","type":"post","link":"https:\/\/zonaroja.com.mx\/?p=7635","title":{"rendered":"Conversar\u00e1 AMLO con pueblos mixes en su visita a Oaxaca; viene por tres d\u00edas"},"content":{"rendered":"\n<p>Evlin\nArag\u00f3n\/Zona Roja.<\/p>\n\n\n\n<p>Oaxaca de Ju\u00e1rez, Oax., 13 de enero de 2020.- Luego de que se anunciara la primera visita a Oaxaca en lo que va de este 2020, del Presidente de la Rep\u00fablica, Andr\u00e9s Manuel L\u00f3pez Obrador, el Instituto Nacional de los Pueblos Ind\u00edgenas (INPI), dio a conocer el reinicio de los di\u00e1logos entre la presidencia y las comunidades originarias. <\/p>\n\n\n\n<p>A trav\u00e9s de un documento, se convoc\u00f3 a las autoridades y pobladores de las comunidades ind\u00edgenas del pueblo Mixe a participar en el di\u00e1logo propuesto por el mandatario federal. para conocer las realidades y aspiraciones de vida de los pueblos originarios del pa\u00eds, as\u00ed como las soluciones y alternativas que se est\u00e1n planteando ante las diferentes problem\u00e1ticas que enfrentan. <\/p>\n\n\n\n<p>El encuentro se llevar\u00e1 a cabo el domingo 19 de enero a las 09.30 horas en municipio de Santa Mar\u00eda Tepantlalli, con la intenci\u00f3n de construir de manera conjunta las pol\u00edticas y acciones que permitan alcanzar el desarrollo y bienestar integral, conforme a lo expuesto por el INPI, que preside el oaxaque\u00f1o Adelfo Regino Montes.<\/p>\n\n\n\n<p>Previo a ello, el jueves 16 de enero, se tiene programada una asamblea con autoridades ind\u00edgenas, municipales, tradicionales y agrarias, para definir los acuerdos y\u00a0 propuestas que ser\u00e1n presentadas ante el mandatario federal durante su treceava gira por el territorio estatal en lo que va de su administraci\u00f3n.<\/p>\n\n\n\n<p>De acuerdo con la delegada estatal de Programas para el Desarrollo en el Estado de Oaxaca, Nancy Ortiz, el representante del Poder Ejecutivo federal estar\u00e1 en la entidad este 17, 18 y 19 de enero a fin de inaugurar varios caminos carreteros de los 50 que se proyectaron como parte del Programa de Pavimentaci\u00f3n de Caminos a Cabeceras Municipales, en las regiones Mixteca y Sierra Norte.<\/p>\n\n\n\n<p>Entre los municipios que visitar\u00e1 est\u00e1n San Miguel Amatl\u00e1n, San Juan Evangelista Analco y San Juan Atepec, y ahora se sabe que tambi\u00e9n Santa Mar\u00eda Tepantlali en donde se llevar\u00e1 a cabo el di\u00e1logo con las comunidades mixes. <\/p>\n\n\n\n<p>Una de las\nprincipales problem\u00e1ticas que se vive al interior de la zona y se espera se\npueda&nbsp; discutir en la reuni\u00f3n es el\nconflicto entre Tamazul\u00e1pam del Esp\u00edritu Santo y San Pedro y San Pablo Ayutla\nel cual ha impedido que la poblaci\u00f3n de esta \u00faltima localidad cuente con acceso\nal agua potable desde hace m\u00e1s de dos a\u00f1os. <\/p>\n\n\n\n<p>As\u00ed lo\nindic\u00f3 a trav\u00e9s de sus redes sociales la ling\u00fcista Yasnaya Aguilar quien\nrecord\u00f3 al mandatario estatal, Alejandro Murat, el compromiso que a\u00fan no ha\ncumplido con la poblaci\u00f3n \u201cOye @alejandromurat para cu\u00e1ndo se garantiza el agua\npotable en Ayutla Mixe?? Son dos a\u00f1os y medio en los que hemos hecho de todo\npara tener agua que pues no es potable. Te acuerdas que dijiste que en dos d\u00edas\nel pasado agosto?\u201d, sentenci\u00f3.<\/p>\n","protected":false},"excerpt":{"rendered":"<p>Evlin Arag\u00f3n\/Zona Roja. Oaxaca de Ju\u00e1rez, Oax., 13 de enero de 2020.- Luego de que&hellip;<\/p>\n","protected":false},"author":2,"featured_media":7636,"comment_status":"closed","ping_status":"open","sticky":false,"template":"","format":"standard","meta":{"_lmt_disableupdate":"","_lmt_disable":"","_jetpack_memberships_contains_paid_content":false,"footnotes":""},"categories":[109,46],"tags":[143,558],"class_list":["post-7635","post","type-post","status-publish","format-standard","has-post-thumbnail","hentry","category-minuto-a-minuto","category-zona-blanca","tag-andres-manuel-lopez-obrador","tag-instituto-nacional-de-pueblos-indigenas"],"jetpack_featured_media_url":"https:\/\/zonaroja.com.mx\/wp-content\/uploads\/2020\/01\/Image-1-56.png","jetpack_sharing_enabled":true,"_links":{"self":[{"href":"https:\/\/zonaroja.com.mx\/index.php?rest_route=\/wp\/v2\/posts\/7635","targetHints":{"allow":["GET"]}}],"collection":[{"href":"https:\/\/zonaroja.com.mx\/index.php?rest_route=\/wp\/v2\/posts"}],"about":[{"href":"https:\/\/zonaroja.com.mx\/index.php?rest_route=\/wp\/v2\/types\/post"}],"author":[{"embeddable":true,"href":"https:\/\/zonaroja.com.mx\/index.php?rest_route=\/wp\/v2\/users\/2"}],"replies":[{"embeddable":true,"href":"https:\/\/zonaroja.com.mx\/index.php?rest_route=%2Fwp%2Fv2%2Fcomments&post=7635"}],"version-history":[{"count":2,"href":"https:\/\/zonaroja.com.mx\/index.php?rest_route=\/wp\/v2\/posts\/7635\/revisions"}],"predecessor-version":[{"id":7639,"href":"https:\/\/zonaroja.com.mx\/index.php?rest_route=\/wp\/v2\/posts\/7635\/revisions\/7639"}],"wp:featuredmedia":[{"embeddable":true,"href":"https:\/\/zonaroja.com.mx\/index.php?rest_route=\/wp\/v2\/media\/7636"}],"wp:attachment":[{"href":"https:\/\/zonaroja.com.mx\/index.php?rest_route=%2Fwp%2Fv2%2Fmedia&parent=7635"}],"wp:term":[{"taxonomy":"category","embeddable":true,"href":"https:\/\/zonaroja.com.mx\/index.php?rest_route=%2Fwp%2Fv2%2Fcategories&post=7635"},{"taxonomy":"post_tag","embeddable":true,"href":"https:\/\/zonaroja.com.mx\/index.php?rest_route=%2Fwp%2Fv2%2Ftags&post=7635"}],"curies":[{"name":"wp","href":"https:\/\/api.w.org\/{rel}","templated":true}]}}