{"id":76355,"date":"2025-01-11T08:50:00","date_gmt":"2025-01-11T14:50:00","guid":{"rendered":"https:\/\/zonaroja.com.mx\/?p=76355"},"modified":"2025-01-11T07:22:15","modified_gmt":"2025-01-11T13:22:15","slug":"viernes-de-accidentes-fatales-en-oaxaca-cinco-muertos","status":"publish","type":"post","link":"https:\/\/zonaroja.com.mx\/?p=76355","title":{"rendered":"Viernes de accidentes fatales en Oaxaca: cinco muertos\u00a0"},"content":{"rendered":"\n<p>Raymundo Morales\/Zona Roja.<\/p>\n\n\n\n<p>Oaxaca de Ju\u00e1rez, Oax., a 11 de enero de 2025.- Al menos cinco personas perdieron la vida e igual n\u00famero de lesionados se registraron ayer a causa de diversos accidentes en carreteras de Oaxaca.<\/p>\n\n\n\n<p>El percance m\u00e1s fuerte ocurri\u00f3 en la carretera federal 175 Oaxaca-Puerto \u00c1ngel, a la altura del crucero a Santa Luc\u00eda, Miahuatl\u00e1n, donde chocaron una camioneta marca Nissan, tipo NP-300, con placas de circulaci\u00f3n MTC-2148 del Estado de M\u00e9xico, y un taxi del sitio \u201cSierra Sur\u201d A. C., con placas de circulaci\u00f3n: 55-58-SJM del estado de Oaxaca.<\/p>\n\n\n\n<p>En la colisi\u00f3n perdieron la vida el conductor del taxi, F\u00e9lix H. G. y dos personas<\/p>\n\n\n\n<p>m\u00e1s, un ni\u00f1o de 9 a\u00f1os de edad Alexis Daniel, y una joven, N\u00e9riz L. Z.; otros tres pasajeros fueron trasladados a un hospital de Miahuatl\u00e1n de Porfirio D\u00edaz.<\/p>\n\n\n\n<p>Por otra parte, en la misma v\u00eda federal 175 Oaxaca-Puerto \u00c1ngel, pero a la altura del kil\u00f3metro 16, en la llamada cuesta de Ocotl\u00e1n, una persona del sexo femenino presuntamente derrap\u00f3 con su motocicleta.<\/p>\n\n\n\n<p>En el lugar perdi\u00f3 la vida una mujer quien de manera preliminar fue identificada como Elizabeth S. M.<\/p>\n\n\n\n<p>Por otra parte, en la carretera federal 200 de la Costa, a la altura del crucero a Santa Catarina Mechoac\u00e1n, una persona perdi\u00f3 el control de su unidad de motor y volc\u00f3.<\/p>\n\n\n\n<p>En el lugar perdi\u00f3 la vida Jovab B. M., en el hospital de Santiago Jamiltepec mientras que su pareja fue llevada a un hospital de la zona.<\/p>\n","protected":false},"excerpt":{"rendered":"<p>Raymundo Morales\/Zona Roja. Oaxaca de Ju\u00e1rez, Oax., a 11 de enero de 2025.- Al menos&hellip;<\/p>\n","protected":false},"author":2,"featured_media":76356,"comment_status":"closed","ping_status":"open","sticky":false,"template":"","format":"standard","meta":{"_lmt_disableupdate":"","_lmt_disable":"","_jetpack_memberships_contains_paid_content":false,"footnotes":""},"categories":[109,51],"tags":[3416],"class_list":["post-76355","post","type-post","status-publish","format-standard","has-post-thumbnail","hentry","category-minuto-a-minuto","category-zona-roja","tag-accidentes-carreteros-oaxaca"],"jetpack_featured_media_url":"https:\/\/zonaroja.com.mx\/wp-content\/uploads\/2025\/01\/Accidente-carretero-Santa-Lucia-Miahuatlan.jpeg","jetpack_sharing_enabled":true,"_links":{"self":[{"href":"https:\/\/zonaroja.com.mx\/index.php?rest_route=\/wp\/v2\/posts\/76355","targetHints":{"allow":["GET"]}}],"collection":[{"href":"https:\/\/zonaroja.com.mx\/index.php?rest_route=\/wp\/v2\/posts"}],"about":[{"href":"https:\/\/zonaroja.com.mx\/index.php?rest_route=\/wp\/v2\/types\/post"}],"author":[{"embeddable":true,"href":"https:\/\/zonaroja.com.mx\/index.php?rest_route=\/wp\/v2\/users\/2"}],"replies":[{"embeddable":true,"href":"https:\/\/zonaroja.com.mx\/index.php?rest_route=%2Fwp%2Fv2%2Fcomments&post=76355"}],"version-history":[{"count":1,"href":"https:\/\/zonaroja.com.mx\/index.php?rest_route=\/wp\/v2\/posts\/76355\/revisions"}],"predecessor-version":[{"id":76357,"href":"https:\/\/zonaroja.com.mx\/index.php?rest_route=\/wp\/v2\/posts\/76355\/revisions\/76357"}],"wp:featuredmedia":[{"embeddable":true,"href":"https:\/\/zonaroja.com.mx\/index.php?rest_route=\/wp\/v2\/media\/76356"}],"wp:attachment":[{"href":"https:\/\/zonaroja.com.mx\/index.php?rest_route=%2Fwp%2Fv2%2Fmedia&parent=76355"}],"wp:term":[{"taxonomy":"category","embeddable":true,"href":"https:\/\/zonaroja.com.mx\/index.php?rest_route=%2Fwp%2Fv2%2Fcategories&post=76355"},{"taxonomy":"post_tag","embeddable":true,"href":"https:\/\/zonaroja.com.mx\/index.php?rest_route=%2Fwp%2Fv2%2Ftags&post=76355"}],"curies":[{"name":"wp","href":"https:\/\/api.w.org\/{rel}","templated":true}]}}