{"id":76358,"date":"2025-01-11T09:36:00","date_gmt":"2025-01-11T15:36:00","guid":{"rendered":"https:\/\/zonaroja.com.mx\/?p=76358"},"modified":"2025-01-11T07:37:12","modified_gmt":"2025-01-11T13:37:12","slug":"detienen-a-taxista-en-pinotepa-oaxaca-llevaba-anfetamina","status":"publish","type":"post","link":"https:\/\/zonaroja.com.mx\/?p=76358","title":{"rendered":"Detienen a taxista en Pinotepa, Oaxaca; llevaba anfetamina"},"content":{"rendered":"\n<p>Redacci\u00f3n\/Zona Roja.&nbsp;<\/p>\n\n\n\n<p>Oaxaca de Ju\u00e1rez, Oax., a 11 de enero de 2025.- La Fiscal\u00eda General del Estado de Oaxaca (FGEO), con apoyo de fuerzas de seguridad estatal y federal, detuvo a una persona del sexo masculino identificada como F. E. N. P., por los delitos de da\u00f1os y contra la salud en su modalidad de narcomenudeo en su hip\u00f3tesis de posesi\u00f3n de metanfetamina, que operaba en la regi\u00f3n de la Costa.<\/p>\n\n\n\n<p>La detenci\u00f3n fue efectuada en la avenida Benito Ju\u00e1rez de Pinotepa Nacional por elementos de la Agencia Estatal de Investigaciones (AEI) con apoyo de la Polic\u00eda Estatal y de la Secretar\u00eda de la Defensa Nacional (DEFENSA) cuando realizaban trabajos de investigaci\u00f3n en la zona.<\/p>\n\n\n\n<p>De acuerdo con la investigaci\u00f3n ministerial efectuada por la Vicefiscal\u00eda Regional de la Costa, F.E.N.P. labora como conductor de un taxi de Pinotepa Nacional y estar\u00eda relacionado con actividades il\u00edcitas vinculadas con una persona considerada como objetivo prioritario debido a que es identificado como uno de los principales distribuidores de drogas en la zona, por lo que fue puesto a disposici\u00f3n de la autoridad correspondiente.<\/p>\n\n\n\n<p>VINCULADO A PROCESO<\/p>\n\n\n\n<p>En otro caso, la Fiscal\u00eda General obtuvo auto de vinculaci\u00f3n a proceso y prisi\u00f3n preventiva en contra de una persona del sexo masculino identificado como E.R.M., por el delito de Violaci\u00f3n Agravada, hechos ocurridos en la regi\u00f3n de la Costa.<\/p>\n\n\n\n<p>De acuerdo con el expediente penal, la agresi\u00f3n sexual ocurri\u00f3 la noche del 4 de diciembre de 2024, en un domicilio ubicado en la localidad de Santa Martha Loxicha perteneciente al distrito de San Pedro Pochutla, cuando la v\u00edctima fue interceptada y llevada a una habitaci\u00f3n donde la amenaz\u00f3 y la atac\u00f3.<\/p>\n\n\n\n<p>La FGEO, al tomar conocimiento de los hechos derivado de la denuncia, inici\u00f3 las investigaciones correspondientes a trav\u00e9s de la Vicefiscal\u00eda Regional del Costa, reuniendo las pruebas necesarias que permitieron obtener una orden de aprehensi\u00f3n y posterior detenci\u00f3n en contra de E.R.M., la cual fue ejecutada por elementos de la Agencia Estatal de Investigaciones (AEI) quienes lo trasladaron ante la autoridad que lo requiri\u00f3.<\/p>\n\n\n\n<p>Una vez evaluados los datos de prueba aportados por el Ministerio P\u00fablico, el Juez de la causa determin\u00f3 vincular a proceso a E R.M., por el delito de Violaci\u00f3n Agravada, adem\u00e1s que dict\u00f3 la medida de prisi\u00f3n preventiva oficiosa y otorg\u00f3 dos meses para el cierre de la investigaci\u00f3n complementaria.<\/p>\n","protected":false},"excerpt":{"rendered":"<p>Redacci\u00f3n\/Zona Roja.&nbsp; Oaxaca de Ju\u00e1rez, Oax., a 11 de enero de 2025.- La Fiscal\u00eda General&hellip;<\/p>\n","protected":false},"author":2,"featured_media":76359,"comment_status":"closed","ping_status":"open","sticky":false,"template":"","format":"standard","meta":{"_lmt_disableupdate":"","_lmt_disable":"","_jetpack_memberships_contains_paid_content":false,"footnotes":""},"categories":[109,46],"tags":[494],"class_list":["post-76358","post","type-post","status-publish","format-standard","has-post-thumbnail","hentry","category-minuto-a-minuto","category-zona-blanca","tag-fiscalia-general-del-estado-de-oaxaca"],"jetpack_featured_media_url":"https:\/\/zonaroja.com.mx\/wp-content\/uploads\/2025\/01\/Taxista-drogas-Fiscalia-Oaxaca-Pinotepa.jpg","jetpack_sharing_enabled":true,"_links":{"self":[{"href":"https:\/\/zonaroja.com.mx\/index.php?rest_route=\/wp\/v2\/posts\/76358","targetHints":{"allow":["GET"]}}],"collection":[{"href":"https:\/\/zonaroja.com.mx\/index.php?rest_route=\/wp\/v2\/posts"}],"about":[{"href":"https:\/\/zonaroja.com.mx\/index.php?rest_route=\/wp\/v2\/types\/post"}],"author":[{"embeddable":true,"href":"https:\/\/zonaroja.com.mx\/index.php?rest_route=\/wp\/v2\/users\/2"}],"replies":[{"embeddable":true,"href":"https:\/\/zonaroja.com.mx\/index.php?rest_route=%2Fwp%2Fv2%2Fcomments&post=76358"}],"version-history":[{"count":1,"href":"https:\/\/zonaroja.com.mx\/index.php?rest_route=\/wp\/v2\/posts\/76358\/revisions"}],"predecessor-version":[{"id":76360,"href":"https:\/\/zonaroja.com.mx\/index.php?rest_route=\/wp\/v2\/posts\/76358\/revisions\/76360"}],"wp:featuredmedia":[{"embeddable":true,"href":"https:\/\/zonaroja.com.mx\/index.php?rest_route=\/wp\/v2\/media\/76359"}],"wp:attachment":[{"href":"https:\/\/zonaroja.com.mx\/index.php?rest_route=%2Fwp%2Fv2%2Fmedia&parent=76358"}],"wp:term":[{"taxonomy":"category","embeddable":true,"href":"https:\/\/zonaroja.com.mx\/index.php?rest_route=%2Fwp%2Fv2%2Fcategories&post=76358"},{"taxonomy":"post_tag","embeddable":true,"href":"https:\/\/zonaroja.com.mx\/index.php?rest_route=%2Fwp%2Fv2%2Ftags&post=76358"}],"curies":[{"name":"wp","href":"https:\/\/api.w.org\/{rel}","templated":true}]}}