{"id":76379,"date":"2025-01-11T20:49:02","date_gmt":"2025-01-12T02:49:02","guid":{"rendered":"https:\/\/zonaroja.com.mx\/?p=76379"},"modified":"2025-01-11T20:49:02","modified_gmt":"2025-01-12T02:49:02","slug":"asesinan-a-balazos-a-dos-personas-en-la-region-costa-de-oaxaca-2","status":"publish","type":"post","link":"https:\/\/zonaroja.com.mx\/?p=76379","title":{"rendered":"Asesinan a balazos a dos personas en la regi\u00f3n Costa de Oaxaca&nbsp;"},"content":{"rendered":"\n<p>Raymundo Morales\/Zona Roja.&nbsp;<\/p>\n\n\n\n<p>Oaxaca de Ju\u00e1rez, Oax.. 11 de enero de 2025.- Dos personas del sexo masculino, presuntamente polic\u00edas, fueron asesinadas este s\u00e1bado por disparos de arma de fuego, en la regi\u00f3n Costa de Oaxaca.&nbsp;<\/p>\n\n\n\n<p>Los hechos ocurrieron a un costado de la carretera federal 200, con escasos minutos de diferencia, en el tramo Santiago Jamiltepec-Santiago Pinotepa Nacional.&nbsp;<\/p>\n\n\n\n<p>Ambos viajaban a bordo de su motocicleta, por separado, cuando fueron acribillados.&nbsp;<\/p>\n\n\n\n<p>Un cuerpo fue hallado a la altura del paraje \u201cLa curva del pastel\u201d y el otro en el crucero de la desviaci\u00f3n a la localidad de Santa Catarina Mechoac\u00e1n.&nbsp;<\/p>\n\n\n\n<p>Las v\u00edctimas no han sido identificadas pero se dio a conocer de manera preliminar que ambos eran originarios de Santa Mar\u00eda Huazolotitl\u00e1n.&nbsp;<\/p>\n\n\n\n<p>La Fiscal\u00eda General del Estado, a trav\u00e9s de la Vicefiscal\u00eda Regional de la Costa, inici\u00f3 las investigaciones correspondientes.&nbsp;<\/p>\n","protected":false},"excerpt":{"rendered":"<p>Raymundo Morales\/Zona Roja.&nbsp; Oaxaca de Ju\u00e1rez, Oax.. 11 de enero de 2025.- Dos personas del&hellip;<\/p>\n","protected":false},"author":2,"featured_media":73641,"comment_status":"closed","ping_status":"open","sticky":false,"template":"","format":"standard","meta":{"_lmt_disableupdate":"","_lmt_disable":"","_jetpack_memberships_contains_paid_content":false,"footnotes":""},"categories":[109,51],"tags":[],"class_list":["post-76379","post","type-post","status-publish","format-standard","has-post-thumbnail","hentry","category-minuto-a-minuto","category-zona-roja"],"jetpack_featured_media_url":"https:\/\/zonaroja.com.mx\/wp-content\/uploads\/2024\/10\/Escena-balazos-balas-policiaca.jpg","jetpack_sharing_enabled":true,"_links":{"self":[{"href":"https:\/\/zonaroja.com.mx\/index.php?rest_route=\/wp\/v2\/posts\/76379","targetHints":{"allow":["GET"]}}],"collection":[{"href":"https:\/\/zonaroja.com.mx\/index.php?rest_route=\/wp\/v2\/posts"}],"about":[{"href":"https:\/\/zonaroja.com.mx\/index.php?rest_route=\/wp\/v2\/types\/post"}],"author":[{"embeddable":true,"href":"https:\/\/zonaroja.com.mx\/index.php?rest_route=\/wp\/v2\/users\/2"}],"replies":[{"embeddable":true,"href":"https:\/\/zonaroja.com.mx\/index.php?rest_route=%2Fwp%2Fv2%2Fcomments&post=76379"}],"version-history":[{"count":1,"href":"https:\/\/zonaroja.com.mx\/index.php?rest_route=\/wp\/v2\/posts\/76379\/revisions"}],"predecessor-version":[{"id":76380,"href":"https:\/\/zonaroja.com.mx\/index.php?rest_route=\/wp\/v2\/posts\/76379\/revisions\/76380"}],"wp:featuredmedia":[{"embeddable":true,"href":"https:\/\/zonaroja.com.mx\/index.php?rest_route=\/wp\/v2\/media\/73641"}],"wp:attachment":[{"href":"https:\/\/zonaroja.com.mx\/index.php?rest_route=%2Fwp%2Fv2%2Fmedia&parent=76379"}],"wp:term":[{"taxonomy":"category","embeddable":true,"href":"https:\/\/zonaroja.com.mx\/index.php?rest_route=%2Fwp%2Fv2%2Fcategories&post=76379"},{"taxonomy":"post_tag","embeddable":true,"href":"https:\/\/zonaroja.com.mx\/index.php?rest_route=%2Fwp%2Fv2%2Ftags&post=76379"}],"curies":[{"name":"wp","href":"https:\/\/api.w.org\/{rel}","templated":true}]}}