{"id":76381,"date":"2025-01-12T06:42:50","date_gmt":"2025-01-12T12:42:50","guid":{"rendered":"https:\/\/zonaroja.com.mx\/?p=76381"},"modified":"2025-01-12T07:34:44","modified_gmt":"2025-01-12T13:34:44","slug":"causa-alarma-en-mexico-sismo-de-6-1-en-michoacan-saldo-blanco","status":"publish","type":"post","link":"https:\/\/zonaroja.com.mx\/?p=76381","title":{"rendered":"Causa alarma en M\u00e9xico sismo de 6.1 en Michoac\u00e1n; saldo blanco"},"content":{"rendered":"\n<p>Redacci\u00f3n\/Zona Roja Cdmx.<\/p>\n\n\n\n<p>Ciudad de M\u00e9xico, a 12 de enero de 2025.- La alerta s\u00edsmica se activ\u00f3 hoy 12 de enero de 2025 en la Ciudad de M\u00e9xico antes de las 2:40 horas de la madrugada de este domingo debido a un sismo proveniente de Michoac\u00e1n, de acuerdo con el Servicio Sismol\u00f3gico Nacional (SSN).<\/p>\n\n\n\n<p>De acuerdo con el primer reporte del SSN el temblor ocurri\u00f3 a las 2:32 horas y su epicentro de localiz\u00f3 a 29 kil\u00f3metros al suroeste de Coalcom\u00e1n, Michoac\u00e1n; la magnitud preliminar del temblor que activ\u00f3 la alerta s\u00edsmica fue de 6.1.<\/p>\n\n\n\n<p>Adem\u00e1s de la Ciudad de M\u00e9xico, la alerta s\u00edsmica tambi\u00e9n se activ\u00f3 en Chilpancingo, Oaxaca, Morelia, Colima, Puebla, Cuernavaca y Toluca.<\/p>\n\n\n\n<p>A las 2:49 horas el Sismol\u00f3gico Nacional confirm\u00f3 la magnitud del sismo en 6.1 y su epicentro en Michoac\u00e1n como el que llev\u00f3 a la activaci\u00f3n de la alerta s\u00edsmica y a que miles de habitantes de la Ciudad de M\u00e9xico y de otros puntos en los que son\u00f3 la alerta s\u00edsmica evacuaran sus viviendas debido al temblor.<\/p>\n\n\n\n<p>La presidenta Claudia Sheinbaum inform\u00f3 que de acuerdo con representantes del Comit\u00e9 Nacional de Emergencias reportan \u00absin novedad\u00bb e inician protocolos de revisi\u00f3n luego del temblor de magnitud 6.1 con epicentro en Michoac\u00e1n que llev\u00f3 a que se activara la alerta s\u00edsmica.<\/p>\n\n\n\n<p>Tras el sismo de magnitud 6.1 con epicentro en las costas de Michoac\u00e1n cinco helic\u00f3pteros de la Secretar\u00eda de Seguridad Ciudadana&nbsp;realizaron el sobrevuelo de la Ciudad de M\u00e9xico como parte de los protocolos para detectar posibles da\u00f1os o afectaciones.<\/p>\n\n\n\n<p>De acuerdo con el secretario de Seguridad, Pablo V\u00e1zquez Camacho, luego de realizar estos sobrevuelos no se reportan da\u00f1os o afectaciones en la Ciudad de M\u00e9xico por el temblor con epicentro en Coalcom\u00e1n, Michoac\u00e1n, pero siguen al pendiente.<\/p>\n\n\n\n<p>La jefa de Gobierno de la Ciudad de M\u00e9xico, Clara Brugada, confirm\u00f3 que en la capital del pa\u00eds se reporta saldo blanco luego del temblor de magnitud 6.1 que despert\u00f3 a los habitantes debido a la activaci\u00f3n de la alerta s\u00edsmica.<\/p>\n\n\n\n<p>(Informaci\u00f3n de \u201cExc\u00e9lsior\u201d)<\/p>\n","protected":false},"excerpt":{"rendered":"<p>Redacci\u00f3n\/Zona Roja Cdmx. Ciudad de M\u00e9xico, a 12 de enero de 2025.- La alerta s\u00edsmica&hellip;<\/p>\n","protected":false},"author":2,"featured_media":76394,"comment_status":"closed","ping_status":"open","sticky":false,"template":"","format":"standard","meta":{"_lmt_disableupdate":"","_lmt_disable":"","_jetpack_memberships_contains_paid_content":false,"footnotes":""},"categories":[109,46],"tags":[4162],"class_list":["post-76381","post","type-post","status-publish","format-standard","has-post-thumbnail","hentry","category-minuto-a-minuto","category-zona-blanca","tag-coalcoman-michoacan"],"jetpack_featured_media_url":"https:\/\/zonaroja.com.mx\/wp-content\/uploads\/2025\/01\/Sismo-coalcoman-Michoacan.jpeg","jetpack_sharing_enabled":true,"_links":{"self":[{"href":"https:\/\/zonaroja.com.mx\/index.php?rest_route=\/wp\/v2\/posts\/76381","targetHints":{"allow":["GET"]}}],"collection":[{"href":"https:\/\/zonaroja.com.mx\/index.php?rest_route=\/wp\/v2\/posts"}],"about":[{"href":"https:\/\/zonaroja.com.mx\/index.php?rest_route=\/wp\/v2\/types\/post"}],"author":[{"embeddable":true,"href":"https:\/\/zonaroja.com.mx\/index.php?rest_route=\/wp\/v2\/users\/2"}],"replies":[{"embeddable":true,"href":"https:\/\/zonaroja.com.mx\/index.php?rest_route=%2Fwp%2Fv2%2Fcomments&post=76381"}],"version-history":[{"count":1,"href":"https:\/\/zonaroja.com.mx\/index.php?rest_route=\/wp\/v2\/posts\/76381\/revisions"}],"predecessor-version":[{"id":76383,"href":"https:\/\/zonaroja.com.mx\/index.php?rest_route=\/wp\/v2\/posts\/76381\/revisions\/76383"}],"wp:featuredmedia":[{"embeddable":true,"href":"https:\/\/zonaroja.com.mx\/index.php?rest_route=\/wp\/v2\/media\/76394"}],"wp:attachment":[{"href":"https:\/\/zonaroja.com.mx\/index.php?rest_route=%2Fwp%2Fv2%2Fmedia&parent=76381"}],"wp:term":[{"taxonomy":"category","embeddable":true,"href":"https:\/\/zonaroja.com.mx\/index.php?rest_route=%2Fwp%2Fv2%2Fcategories&post=76381"},{"taxonomy":"post_tag","embeddable":true,"href":"https:\/\/zonaroja.com.mx\/index.php?rest_route=%2Fwp%2Fv2%2Ftags&post=76381"}],"curies":[{"name":"wp","href":"https:\/\/api.w.org\/{rel}","templated":true}]}}