{"id":76387,"date":"2025-01-12T10:00:00","date_gmt":"2025-01-12T16:00:00","guid":{"rendered":"https:\/\/zonaroja.com.mx\/?p=76387"},"modified":"2025-01-12T07:13:19","modified_gmt":"2025-01-12T13:13:19","slug":"identifican-a-los-ejecutados-en-la-costa-de-oaxaca-eran-policias","status":"publish","type":"post","link":"https:\/\/zonaroja.com.mx\/?p=76387","title":{"rendered":"Identifican a los ejecutados en la Costa de Oaxaca; eran polic\u00edas"},"content":{"rendered":"\n<p>Raymundo Morales\/Zona Roja.<\/p>\n\n\n\n<p>Oaxaca de Ju\u00e1rez, Oax., a 12 de enero de 2025.- Corporaciones policiacas y la autoridad ministerial confirmaron que las dos personas asesinadas a balazos ayer en la regi\u00f3n Costa de Oaxaca eran polic\u00edas, uno estatal y el otro municipal.<\/p>\n\n\n\n<p>Una de las v\u00edctimas fue identificada Luis \u00c1ngel H. R., de 39 a\u00f1os de edad, comandante de la polic\u00eda municipal de Santiago Tetepec y originario de Santa Mar\u00eda Huazolotitl\u00e1n.<\/p>\n\n\n\n<p>La otra v\u00edctima respondi\u00f3 en vida al nombre de Joel Antonio C. M., de 46 a\u00f1os de edad, elemento de la Polic\u00eda Auxiliar, Bancaria, Industrial y Comercial (PABIC), oriundo de Pinotepa de Don Luis.<\/p>\n\n\n\n<p>El cuerpo del jefe policiaco municipal, con varios impactos de arma de fuego, fue hallado la ma\u00f1ana de ayer sobre la v\u00eda federal 200, a la altura del kil\u00f3metro 22+800; a un costado se localiz\u00f3 la motocicleta en que se trasladaba.<\/p>\n\n\n\n<p>En tanto, el cuerpo del elemento de la PABIC fue hallado sobre la misma carretera federal pero a la altura del kil\u00f3metro 26, jurisdicci\u00f3n de Santiago Jamiltepec.<\/p>\n\n\n\n<p>El uniformado se dirig\u00eda a su centro de trabajo, en una gasoliner\u00eda de San Jos\u00e9 del Progreso, Villa de Tututepec, cuando fue acribillado.<\/p>\n\n\n\n<p>Hasta el momento se desconocen las causas de los homicidios y la probable relaci\u00f3n entre ambos casos, lo cual investiga la Fiscal\u00eda General del Estado de Oaxaca, a trav\u00e9s de la Vicefiscal\u00eda Regional de la Costa.<\/p>\n","protected":false},"excerpt":{"rendered":"<p>Raymundo Morales\/Zona Roja. Oaxaca de Ju\u00e1rez, Oax., a 12 de enero de 2025.- Corporaciones policiacas&hellip;<\/p>\n","protected":false},"author":2,"featured_media":76388,"comment_status":"closed","ping_status":"open","sticky":false,"template":"","format":"standard","meta":{"_lmt_disableupdate":"","_lmt_disable":"","_jetpack_memberships_contains_paid_content":false,"footnotes":""},"categories":[109,51],"tags":[797],"class_list":["post-76387","post","type-post","status-publish","format-standard","has-post-thumbnail","hentry","category-minuto-a-minuto","category-zona-roja","tag-santiago-jamiltepec"],"jetpack_featured_media_url":"https:\/\/zonaroja.com.mx\/wp-content\/uploads\/2025\/01\/Policias-asesinados-region-Costa-de-Oaxaca.jpg","jetpack_sharing_enabled":true,"_links":{"self":[{"href":"https:\/\/zonaroja.com.mx\/index.php?rest_route=\/wp\/v2\/posts\/76387","targetHints":{"allow":["GET"]}}],"collection":[{"href":"https:\/\/zonaroja.com.mx\/index.php?rest_route=\/wp\/v2\/posts"}],"about":[{"href":"https:\/\/zonaroja.com.mx\/index.php?rest_route=\/wp\/v2\/types\/post"}],"author":[{"embeddable":true,"href":"https:\/\/zonaroja.com.mx\/index.php?rest_route=\/wp\/v2\/users\/2"}],"replies":[{"embeddable":true,"href":"https:\/\/zonaroja.com.mx\/index.php?rest_route=%2Fwp%2Fv2%2Fcomments&post=76387"}],"version-history":[{"count":1,"href":"https:\/\/zonaroja.com.mx\/index.php?rest_route=\/wp\/v2\/posts\/76387\/revisions"}],"predecessor-version":[{"id":76389,"href":"https:\/\/zonaroja.com.mx\/index.php?rest_route=\/wp\/v2\/posts\/76387\/revisions\/76389"}],"wp:featuredmedia":[{"embeddable":true,"href":"https:\/\/zonaroja.com.mx\/index.php?rest_route=\/wp\/v2\/media\/76388"}],"wp:attachment":[{"href":"https:\/\/zonaroja.com.mx\/index.php?rest_route=%2Fwp%2Fv2%2Fmedia&parent=76387"}],"wp:term":[{"taxonomy":"category","embeddable":true,"href":"https:\/\/zonaroja.com.mx\/index.php?rest_route=%2Fwp%2Fv2%2Fcategories&post=76387"},{"taxonomy":"post_tag","embeddable":true,"href":"https:\/\/zonaroja.com.mx\/index.php?rest_route=%2Fwp%2Fv2%2Ftags&post=76387"}],"curies":[{"name":"wp","href":"https:\/\/api.w.org\/{rel}","templated":true}]}}