{"id":76390,"date":"2025-01-12T09:30:00","date_gmt":"2025-01-12T15:30:00","guid":{"rendered":"https:\/\/zonaroja.com.mx\/?p=76390"},"modified":"2025-01-12T07:22:44","modified_gmt":"2025-01-12T13:22:44","slug":"continua-retenido-edil-de-san-cristobal-amatlan-fiscalia-indaga-el-caso","status":"publish","type":"post","link":"https:\/\/zonaroja.com.mx\/?p=76390","title":{"rendered":"Contin\u00faa retenido edil de San Crist\u00f3bal Amatl\u00e1n; Fiscal\u00eda indaga el caso"},"content":{"rendered":"\n<p>Ismael Garc\u00eda M.\/Zona Roja.<\/p>\n\n\n\n<p>Oaxaca de Ju\u00e1rez, Oax., a 12 de enero de 2025.- El presidente municipal de San Crist\u00f3bal Amatl\u00e1n, Eleuterio N\u00e9stor Antonio, contin\u00faa retenido por los pobladores, acusado de actos de corrupci\u00f3n.<\/p>\n\n\n\n<p>En tanto, la Fiscal\u00eda General del Estado de Oaxaca (FGEO) dio a conocer que hasta el momento no hay denuncia formal; no obstante, inici\u00f3 una indagatoria de oficio, \u201cante un probable hecho delictivo cometido en contra del presidente municipal, derivado de una situaci\u00f3n entre ciudadanos de la poblaci\u00f3n\u201d.<\/p>\n\n\n\n<p>En un comunicado, agreg\u00f3 que de acuerdo con los primeros reportes emanados de la colaboraci\u00f3n interinstitucional de diferentes instancias gubernamentales, se tiene conocimiento que se tratar\u00eda de un problema interno con la poblaci\u00f3n por temas de la comunidad.&nbsp;<\/p>\n\n\n\n<p>\u201cSin embargo, la FGEO reitera su compromiso de activar los protocolos correspondientes para la investigaci\u00f3n ministerial para establecer si existe alg\u00fan hecho o situaci\u00f3n que implique la comisi\u00f3n de un delito\u201d.<\/p>\n\n\n\n<p>Fue ayer poco despu\u00e9s de las 17:00 horas en que un grupo de pobladores sac\u00f3 con violencia de su domicilio al edil Eleuterio N\u00e9stor Antonio, tras lo cual fue encerrado en la c\u00e1rcel municipal.<\/p>\n\n\n\n<p>Est\u00e1 acusado de no someterse a la asamblea, que lo destituy\u00f3 desde el 16 de octubre pasado; asimismo, de probables actos de corrupci\u00f3n y opacidad en el manejo de los recursos presupuestales.<\/p>\n\n\n\n<p>\u201cLo que acontece, es que la asamblea comunitaria ha determinado someterlo a un procedimiento de rendici\u00f3n de cuentas, por diversas irregularidades &nbsp;en su gesti\u00f3n conforme al sistema de justicia &nbsp;de esta comunidad.&nbsp;<\/p>\n\n\n\n<p>\u201cEs preciso se\u00f1alar que previamente, se le han requerido informes sobre los recursos asignados para obras &nbsp;que no se han ejecutado, de este modo el pasado 16 de octubre de 2024, la asamblea determin\u00f3 que ante la falta de transparencia &nbsp;de la administraci\u00f3n, \u00e9sta concluir\u00eda &nbsp;sus funciones el 31 de diciembre de 2024, para lo cual se inici\u00f3 un procedimiento de terminaci\u00f3n anticipada de mandato, mismo que el IEEPCO determin\u00f3 no validar por formalismos excesivos, sin tomar en cuenta la realidad social de la comunidad.<\/p>\n\n\n\n<p>\u201cDe&nbsp;lo anterior&nbsp;tiene conocimiento la Secretar\u00eda de Gobierno, a quien se lo hizo de su conocimiento sobre las irregularidades cometidas por el presidente municipal\u201d, destaca un comunicado atribuido a los pobladores de San Crist\u00f3bal Amatl\u00e1n, municipio de la regi\u00f3n Sierra Sur de Oaxaca.<\/p>\n","protected":false},"excerpt":{"rendered":"<p>Ismael Garc\u00eda M.\/Zona Roja. Oaxaca de Ju\u00e1rez, Oax., a 12 de enero de 2025.- El&hellip;<\/p>\n","protected":false},"author":2,"featured_media":76391,"comment_status":"closed","ping_status":"open","sticky":false,"template":"","format":"standard","meta":{"_lmt_disableupdate":"","_lmt_disable":"","_jetpack_memberships_contains_paid_content":false,"footnotes":""},"categories":[109,47],"tags":[2612],"class_list":["post-76390","post","type-post","status-publish","format-standard","has-post-thumbnail","hentry","category-minuto-a-minuto","category-zona-gris","tag-san-cristobal-amatlan"],"jetpack_featured_media_url":"https:\/\/zonaroja.com.mx\/wp-content\/uploads\/2025\/01\/Edil-retenido-San-Cristobal-Amatlan.jpg","jetpack_sharing_enabled":true,"_links":{"self":[{"href":"https:\/\/zonaroja.com.mx\/index.php?rest_route=\/wp\/v2\/posts\/76390","targetHints":{"allow":["GET"]}}],"collection":[{"href":"https:\/\/zonaroja.com.mx\/index.php?rest_route=\/wp\/v2\/posts"}],"about":[{"href":"https:\/\/zonaroja.com.mx\/index.php?rest_route=\/wp\/v2\/types\/post"}],"author":[{"embeddable":true,"href":"https:\/\/zonaroja.com.mx\/index.php?rest_route=\/wp\/v2\/users\/2"}],"replies":[{"embeddable":true,"href":"https:\/\/zonaroja.com.mx\/index.php?rest_route=%2Fwp%2Fv2%2Fcomments&post=76390"}],"version-history":[{"count":1,"href":"https:\/\/zonaroja.com.mx\/index.php?rest_route=\/wp\/v2\/posts\/76390\/revisions"}],"predecessor-version":[{"id":76392,"href":"https:\/\/zonaroja.com.mx\/index.php?rest_route=\/wp\/v2\/posts\/76390\/revisions\/76392"}],"wp:featuredmedia":[{"embeddable":true,"href":"https:\/\/zonaroja.com.mx\/index.php?rest_route=\/wp\/v2\/media\/76391"}],"wp:attachment":[{"href":"https:\/\/zonaroja.com.mx\/index.php?rest_route=%2Fwp%2Fv2%2Fmedia&parent=76390"}],"wp:term":[{"taxonomy":"category","embeddable":true,"href":"https:\/\/zonaroja.com.mx\/index.php?rest_route=%2Fwp%2Fv2%2Fcategories&post=76390"},{"taxonomy":"post_tag","embeddable":true,"href":"https:\/\/zonaroja.com.mx\/index.php?rest_route=%2Fwp%2Fv2%2Ftags&post=76390"}],"curies":[{"name":"wp","href":"https:\/\/api.w.org\/{rel}","templated":true}]}}