{"id":76395,"date":"2025-01-12T11:30:00","date_gmt":"2025-01-12T17:30:00","guid":{"rendered":"https:\/\/zonaroja.com.mx\/?p=76395"},"modified":"2025-01-12T07:43:20","modified_gmt":"2025-01-12T13:43:20","slug":"inician-trabajos-en-oaxaca-para-elaborar-una-nueva-constitucion-politica","status":"publish","type":"post","link":"https:\/\/zonaroja.com.mx\/?p=76395","title":{"rendered":"Inician trabajos en Oaxaca para elaborar una nueva Constituci\u00f3n Pol\u00edtica\u00a0"},"content":{"rendered":"\n<p>Redacci\u00f3n\/Zona Roja.&nbsp;<\/p>\n\n\n\n<p>Oaxaca de Ju\u00e1rez, Oax., a 12 de enero de 2025.- Con la instalaci\u00f3n de la Comisi\u00f3n Estatal para la Conmemoraci\u00f3n del Bicentenario de la Primera Constituci\u00f3n Pol\u00edtica del Estado libre y Soberano de Oaxaca 1825-2025, iniciaron los trabajos para elaborar una nueva Carta Magna.<\/p>\n\n\n\n<p>Ese \u00f3rgano tendr\u00e1 como objetivo principal alentar las reflexiones, an\u00e1lisis e ideas de la sociedad oaxaque\u00f1a para renovar la Constituci\u00f3n de Oaxaca, a fin de que este documento sea intercultural y representativo de la riqueza \u00e9tnica, cultural y ling\u00fc\u00edstica de M\u00e9xico, expuso el gobernador Salom\u00f3n Jara Cruz.&nbsp;<\/p>\n\n\n\n<p>\u201cEsperamos contar para el mes de marzo en plena primavera, con un proyecto que se convierta en iniciativa y que, en este a\u00f1o del bicentenario de la Constituci\u00f3n de 1825, aportemos al pa\u00eds un elemento constitucional sobresaliente para continuar con el segundo piso de la transformaci\u00f3n\u201d, afirm\u00f3 desde Palacio de Gobierno ante las y los magistrados, jueces, diputados locales y federales, as\u00ed como, senadores.<\/p>\n\n\n\n<p>Durante el acto efectuado el pasado viernes, expres\u00f3 que en esta misi\u00f3n participar\u00e1n integrantes del Honorable Congreso del Estado y del Tribunal Superior de Justicia del Estado de Oaxaca, as\u00ed como del \u00e1mbito jur\u00eddico, pol\u00edtico, acad\u00e9mico, social y cultural.<\/p>\n\n\n\n<p>Destac\u00f3 que se designar\u00e1 un Consejo Consultivo para asegurar la participaci\u00f3n de todos los sectores de los pueblos y comunidades de las ocho regiones; y as\u00ed contar con una nueva Constituci\u00f3n Pol\u00edtica que sea el reflejo de la identidad de Oaxaca, del momento pol\u00edtico y del proceso de transformaci\u00f3n que se encuentra en marcha en el pa\u00eds.<\/p>\n\n\n\n<p>Cabe destacar que el estado de Oaxaca ha tenido tres constituciones que datan de 1825, 1857 y 1922, que fueron el fruto de realidades espec\u00edficas y pactos sociales y pol\u00edticos que permitieron transitar en el escenario nacional.&nbsp;<\/p>\n\n\n\n<p>La Comisi\u00f3n Estatal qued\u00f3 conformada por representantes de las secretar\u00edas de Administraci\u00f3n; Educaci\u00f3n P\u00fablica; de Interculturalidad, Pueblos y Comunidades Ind\u00edgenas y Afromexicanas; y de Finanzas; as\u00ed como del Archivo General del Estado de Oaxaca.<\/p>\n\n\n\n<p>CONSOLIDAR SOBERAN\u00cdA<\/p>\n\n\n\n<p>En su mensaje, el presidente de la Junta de Coordinaci\u00f3n Pol\u00edtica (Jucopo) de la 66 Legislatura local, Benjam\u00edn Viveros Montalvo, resalt\u00f3 el valor hist\u00f3rico de esta ley suprema y se pronunci\u00f3 por construir un nuevo pacto social constitucional que responda a las nuevas realidades del estado.<\/p>\n\n\n\n<p>Precis\u00f3 que esta transformaci\u00f3n, representa una oportunidad para consolidar una profunda renovaci\u00f3n de valores y prioridades donde la justicia social, la igualdad sustantiva y el respeto a la soberan\u00eda se conviertan en pilares fundamentales.<\/p>\n\n\n\n<p>\u201cEl proyecto de la Cuarta Transformaci\u00f3n nos invita a legislar desde y para el pueblo, tambi\u00e9n nos exige construir un marco jur\u00eddico que priorice el bienestar social, dando voz a todas y todos, sin importar su origen o condici\u00f3n\u201d, sostuvo al participar tambi\u00e9n en la instalaci\u00f3n de la Comisi\u00f3n Estatal para la Conmemoraci\u00f3n del Bicentenario de la Primera Constituci\u00f3n del Estado Libre y Soberano de Oaxaca (1825-2025).<\/p>\n\n\n\n<p>Por ello, desde la C\u00e1mara de diputadas y diputados reafirm\u00f3 el compromiso de hacer realidad la continuidad hist\u00f3rica con leyes que reflejen la identidad, la defensa de las garant\u00edas sociales y respondan a las necesidades de las y los oaxaque\u00f1os.<\/p>\n","protected":false},"excerpt":{"rendered":"<p>Redacci\u00f3n\/Zona Roja.&nbsp; Oaxaca de Ju\u00e1rez, Oax., a 12 de enero de 2025.- Con la instalaci\u00f3n&hellip;<\/p>\n","protected":false},"author":2,"featured_media":76396,"comment_status":"closed","ping_status":"open","sticky":false,"template":"","format":"standard","meta":{"_lmt_disableupdate":"","_lmt_disable":"","_jetpack_memberships_contains_paid_content":false,"footnotes":""},"categories":[109,46],"tags":[939],"class_list":["post-76395","post","type-post","status-publish","format-standard","has-post-thumbnail","hentry","category-minuto-a-minuto","category-zona-blanca","tag-salomon-jara-cruz"],"jetpack_featured_media_url":"https:\/\/zonaroja.com.mx\/wp-content\/uploads\/2025\/01\/Constitucion-de-Oaxaca.jpg","jetpack_sharing_enabled":true,"_links":{"self":[{"href":"https:\/\/zonaroja.com.mx\/index.php?rest_route=\/wp\/v2\/posts\/76395","targetHints":{"allow":["GET"]}}],"collection":[{"href":"https:\/\/zonaroja.com.mx\/index.php?rest_route=\/wp\/v2\/posts"}],"about":[{"href":"https:\/\/zonaroja.com.mx\/index.php?rest_route=\/wp\/v2\/types\/post"}],"author":[{"embeddable":true,"href":"https:\/\/zonaroja.com.mx\/index.php?rest_route=\/wp\/v2\/users\/2"}],"replies":[{"embeddable":true,"href":"https:\/\/zonaroja.com.mx\/index.php?rest_route=%2Fwp%2Fv2%2Fcomments&post=76395"}],"version-history":[{"count":1,"href":"https:\/\/zonaroja.com.mx\/index.php?rest_route=\/wp\/v2\/posts\/76395\/revisions"}],"predecessor-version":[{"id":76397,"href":"https:\/\/zonaroja.com.mx\/index.php?rest_route=\/wp\/v2\/posts\/76395\/revisions\/76397"}],"wp:featuredmedia":[{"embeddable":true,"href":"https:\/\/zonaroja.com.mx\/index.php?rest_route=\/wp\/v2\/media\/76396"}],"wp:attachment":[{"href":"https:\/\/zonaroja.com.mx\/index.php?rest_route=%2Fwp%2Fv2%2Fmedia&parent=76395"}],"wp:term":[{"taxonomy":"category","embeddable":true,"href":"https:\/\/zonaroja.com.mx\/index.php?rest_route=%2Fwp%2Fv2%2Fcategories&post=76395"},{"taxonomy":"post_tag","embeddable":true,"href":"https:\/\/zonaroja.com.mx\/index.php?rest_route=%2Fwp%2Fv2%2Ftags&post=76395"}],"curies":[{"name":"wp","href":"https:\/\/api.w.org\/{rel}","templated":true}]}}