{"id":76400,"date":"2025-01-12T12:51:00","date_gmt":"2025-01-12T18:51:00","guid":{"rendered":"https:\/\/zonaroja.com.mx\/?p=76400"},"modified":"2025-01-12T07:51:54","modified_gmt":"2025-01-12T13:51:54","slug":"dirigente-de-morena-en-oaxaca-destaca-resultados-de-claudia-sheinbaum","status":"publish","type":"post","link":"https:\/\/zonaroja.com.mx\/?p=76400","title":{"rendered":"Dirigente de Morena en Oaxaca destaca resultados de Claudia Sheinbaum"},"content":{"rendered":"\n<p>Redacci\u00f3n\/Zona Roja.<\/p>\n\n\n\n<p>Oaxaca de Ju\u00e1rez, Oax.,a 12 de enero de 2025.- El presidente del Comit\u00e9 Ejecutivo Estatal (CEE) de Morena en Oaxaca Emmanuel Navarro celebr\u00f3 los resultados obtenidos en los primeros 100 d\u00edas de Gobierno de la Presidenta Claudia Sheinbaum, el cual ha sido de muchos beneficios para la entidad.&nbsp;<\/p>\n\n\n\n<p>Emmanuel Navarro afirm\u00f3 que, en solo pocos d\u00edas, los resultados han sido muchos, mediante acciones que elevan la calidad de vida de las personas y atienden las causas generadoras de pobreza y marginaci\u00f3n.<\/p>\n\n\n\n<p>\u201cDebemos sentirnos orgullosos por la postura y temple de nuestra presidenta hacia temas como las declaraciones de Donald Trump, donde ha asumido una actitud fuerte y respetuosa hacia una de las econom\u00edas m\u00e1s fuertes del mundo\u201d, dijo.<\/p>\n\n\n\n<p>Abund\u00f3 que, en 100 d\u00edas, la primera Presidenta de M\u00e9xico ha hecho trabajos importantes, entre estos el anuncio de un presupuesto hist\u00f3rico para la UABJO por m\u00e1s de 100 millones de pesos o el inicio de la construcci\u00f3n de viviendas en Oaxaca.<\/p>\n\n\n\n<p>Tambi\u00e9n, resalt\u00f3 la aprobaci\u00f3n del 78% de la poblaci\u00f3n hacia el proyecto encabezado por la Presidenta, el cual ha dado resultados.<\/p>\n\n\n\n<p>La Secretaria de Pueblos Originarios del Comit\u00e9 Nacional del partido, Bxido Xishe celebr\u00f3 las inversiones y proyectos que se har\u00e1n en la entidad, como la culminaci\u00f3n y entrega de la autopista Oaxaca-Istmo, y que beneficiar\u00e1 a 116 mil habitantes de 14 municipios aleda\u00f1os.<\/p>\n\n\n\n<p>Otras acciones, detall\u00f3, son la ampliaci\u00f3n de la carretera Federal 200 Pinotepa Nacional-Salina Cruz, con 28 mil millones de pesos o la ampliaci\u00f3n del Aeropuerto de Puerto Escondido, con 3 mil 28 millones de pesos.<\/p>\n\n\n\n<p>Asimismo, convoc\u00f3 a la militancia, simpatizantes y ciudadan\u00eda en general a participar en la celebraci\u00f3n de estas inversiones y proyectos de la Presidenta, este domingo 12 de enero en el Hemiciclo a Ju\u00e1rez a las 8:00 de la ma\u00f1ana, en la capital del pa\u00eds.<\/p>\n\n\n\n<p>En tanto, el Secretario de Formaci\u00f3n y Capacitaci\u00f3n Pol\u00edtica del Comit\u00e9 Estatal, Alejandro Velasco Armas detall\u00f3 sobre el hist\u00f3rico proceso democr\u00e1tico que vivir\u00e1 M\u00e9xico al elegir a Ministros, Magistrados y Jueces integrantes del Poder Judicial.&nbsp;<\/p>\n\n\n\n<p>\u201cParte de la trasformaci\u00f3n es que se devuelve la dignidad y la soberan\u00eda al pueblo, democratizando los poderes del Estado, esto a trav\u00e9s de las elecciones el pr\u00f3ximo 1 de junio de las personas impartidoras de justicia\u201d, indic\u00f3.<\/p>\n\n\n\n<p>Asimismo, el Secretario de Organizaci\u00f3n de la Dirigencia Estatal, Shabin Mois\u00e9s Bola\u00f1os respald\u00f3 las acciones del Gobierno de la Primavera Oaxaque\u00f1a y su coordinaci\u00f3n con autoridades municipales para generar bienestar a trav\u00e9s del Plan de Acci\u00f3n de la Zona Metropolitana.<\/p>\n\n\n\n<p>Detall\u00f3 que el presupuesto es de 135 millones de pesos para el reencarpetamiento, y bacheo de vialidades, la rehabilitaci\u00f3n de luminarias y embellecimiento de las principales entradas a la capital de la entidad.<\/p>\n\n\n\n<p>La dirigencia estatal reconoci\u00f3 la coordinaci\u00f3n entre los gobiernos federal y estatal, as\u00ed como el estatal con los municipios, anteponiendo el bienestar colectivo con acciones de impacto.&nbsp;<\/p>\n","protected":false},"excerpt":{"rendered":"<p>Redacci\u00f3n\/Zona Roja. Oaxaca de Ju\u00e1rez, Oax.,a 12 de enero de 2025.- El presidente del Comit\u00e9&hellip;<\/p>\n","protected":false},"author":2,"featured_media":76401,"comment_status":"closed","ping_status":"open","sticky":false,"template":"","format":"standard","meta":{"_lmt_disableupdate":"","_lmt_disable":"","_jetpack_memberships_contains_paid_content":false,"footnotes":""},"categories":[109,46],"tags":[4128],"class_list":["post-76400","post","type-post","status-publish","format-standard","has-post-thumbnail","hentry","category-minuto-a-minuto","category-zona-blanca","tag-emmanuel-navarro-jara"],"jetpack_featured_media_url":"https:\/\/zonaroja.com.mx\/wp-content\/uploads\/2025\/01\/Morena-Emmanuel-Navarro.jpg","jetpack_sharing_enabled":true,"_links":{"self":[{"href":"https:\/\/zonaroja.com.mx\/index.php?rest_route=\/wp\/v2\/posts\/76400","targetHints":{"allow":["GET"]}}],"collection":[{"href":"https:\/\/zonaroja.com.mx\/index.php?rest_route=\/wp\/v2\/posts"}],"about":[{"href":"https:\/\/zonaroja.com.mx\/index.php?rest_route=\/wp\/v2\/types\/post"}],"author":[{"embeddable":true,"href":"https:\/\/zonaroja.com.mx\/index.php?rest_route=\/wp\/v2\/users\/2"}],"replies":[{"embeddable":true,"href":"https:\/\/zonaroja.com.mx\/index.php?rest_route=%2Fwp%2Fv2%2Fcomments&post=76400"}],"version-history":[{"count":1,"href":"https:\/\/zonaroja.com.mx\/index.php?rest_route=\/wp\/v2\/posts\/76400\/revisions"}],"predecessor-version":[{"id":76402,"href":"https:\/\/zonaroja.com.mx\/index.php?rest_route=\/wp\/v2\/posts\/76400\/revisions\/76402"}],"wp:featuredmedia":[{"embeddable":true,"href":"https:\/\/zonaroja.com.mx\/index.php?rest_route=\/wp\/v2\/media\/76401"}],"wp:attachment":[{"href":"https:\/\/zonaroja.com.mx\/index.php?rest_route=%2Fwp%2Fv2%2Fmedia&parent=76400"}],"wp:term":[{"taxonomy":"category","embeddable":true,"href":"https:\/\/zonaroja.com.mx\/index.php?rest_route=%2Fwp%2Fv2%2Fcategories&post=76400"},{"taxonomy":"post_tag","embeddable":true,"href":"https:\/\/zonaroja.com.mx\/index.php?rest_route=%2Fwp%2Fv2%2Ftags&post=76400"}],"curies":[{"name":"wp","href":"https:\/\/api.w.org\/{rel}","templated":true}]}}