{"id":76406,"date":"2025-01-12T18:57:06","date_gmt":"2025-01-13T00:57:06","guid":{"rendered":"https:\/\/zonaroja.com.mx\/?p=76406"},"modified":"2025-01-12T19:24:39","modified_gmt":"2025-01-13T01:24:39","slug":"tambien-en-domingo-hay-protestas-en-la-capital-y-en-huautla","status":"publish","type":"post","link":"https:\/\/zonaroja.com.mx\/?p=76406","title":{"rendered":"Tambi\u00e9n en domingo hay protestas: en la capital y en Huautla"},"content":{"rendered":"\n<p>Ismael Garc\u00eda M.\/Zona Roja.<\/p>\n\n\n\n<p>Oaxaca de Ju\u00e1rez, Oax., a 12 de enero de 2024.- Oaxaca registr\u00f3 este domingo dos protestas, en la capital y en Huautla de Jim\u00e9nez, por parte de pobladores que exigen liberaci\u00f3n de sus respectivas autoridades.<\/p>\n\n\n\n<p>En la ciudad, desde anteayer un grupo de habitantes de San Pedro Ocotepec Mixe se manifiestan de manera pac\u00edfica para exigir la liberaci\u00f3n del resto de ocho autoridades que fueron detenidas por la Fiscal\u00eda General del Estado de Oaxaca, el pasado mi\u00e9rcoles. <\/p>\n\n\n\n<p>De acuerdo con la instituci\u00f3n de procuraci\u00f3n de justicia, est\u00e1n acusadas de diversos delitos, entre ellos su probable participaci\u00f3n en homicidios y en el desplazamiento de habitantes de la localidad de Guadalupe Victoria.<\/p>\n\n\n\n<p>Este domingo fueron citados por la Secretar\u00eda de Gobierno, para tener una reuni\u00f3n de trabajo con las autoridades; sin embargo, fueron \u201cplantados\u201d, por lo cual hasta ma\u00f1ana ser\u00edan atendidos.<\/p>\n\n\n\n<p>En breve entrevista, familiares y habitantes de dicho municipio confirmaron que han sido liberadas cinco personas, pero a\u00fan faltan tres, entre ellas el presidente municipal.<\/p>\n\n\n\n<p>Mientras tanto, en Huautla de Jim\u00e9nez, municipio de la regi\u00f3n Sierra de Flores Mag\u00f3n, ates conocida como Ca\u00f1ada, bloquearon por unas horas la v\u00eda federal a la altura del llamado puente de fierro.<\/p>\n\n\n\n<p>Lo anterior para exigir la liberaci\u00f3n del presidente municipal, David M. G., acusado tambi\u00e9n de presuntamente participar en hechos delictivos.<\/p>\n\n\n\n<p>Fue capturado por personal de la Fiscal\u00eda General la noche del mi\u00e9rcoles, al salir del Centro Cultural y de Convenciones, donde acudieron para su registro.<\/p>\n\n\n\n<p>Seg\u00fan los pobladores de Huautla, el edil es inocente de los actos de los que se le acusa; no obstante, organismo de procuraci\u00f3n de justicia cuenta con diversos indicios por los cuales dio cumplimiento a la orden de aprehensi\u00f3n.<\/p>\n","protected":false},"excerpt":{"rendered":"<p>Ismael Garc\u00eda M.\/Zona Roja. Oaxaca de Ju\u00e1rez, Oax., a 12 de enero de 2024.- Oaxaca&hellip;<\/p>\n","protected":false},"author":2,"featured_media":76407,"comment_status":"closed","ping_status":"open","sticky":false,"template":"","format":"standard","meta":{"_lmt_disableupdate":"","_lmt_disable":"","_jetpack_memberships_contains_paid_content":false,"footnotes":""},"categories":[109,47],"tags":[4160],"class_list":["post-76406","post","type-post","status-publish","format-standard","has-post-thumbnail","hentry","category-minuto-a-minuto","category-zona-gris","tag-san-pedro-ocotepec-mixe"],"jetpack_featured_media_url":"https:\/\/zonaroja.com.mx\/wp-content\/uploads\/2025\/01\/Protesta-San-Pedro-Ocotepec.jpg","jetpack_sharing_enabled":true,"_links":{"self":[{"href":"https:\/\/zonaroja.com.mx\/index.php?rest_route=\/wp\/v2\/posts\/76406","targetHints":{"allow":["GET"]}}],"collection":[{"href":"https:\/\/zonaroja.com.mx\/index.php?rest_route=\/wp\/v2\/posts"}],"about":[{"href":"https:\/\/zonaroja.com.mx\/index.php?rest_route=\/wp\/v2\/types\/post"}],"author":[{"embeddable":true,"href":"https:\/\/zonaroja.com.mx\/index.php?rest_route=\/wp\/v2\/users\/2"}],"replies":[{"embeddable":true,"href":"https:\/\/zonaroja.com.mx\/index.php?rest_route=%2Fwp%2Fv2%2Fcomments&post=76406"}],"version-history":[{"count":2,"href":"https:\/\/zonaroja.com.mx\/index.php?rest_route=\/wp\/v2\/posts\/76406\/revisions"}],"predecessor-version":[{"id":76409,"href":"https:\/\/zonaroja.com.mx\/index.php?rest_route=\/wp\/v2\/posts\/76406\/revisions\/76409"}],"wp:featuredmedia":[{"embeddable":true,"href":"https:\/\/zonaroja.com.mx\/index.php?rest_route=\/wp\/v2\/media\/76407"}],"wp:attachment":[{"href":"https:\/\/zonaroja.com.mx\/index.php?rest_route=%2Fwp%2Fv2%2Fmedia&parent=76406"}],"wp:term":[{"taxonomy":"category","embeddable":true,"href":"https:\/\/zonaroja.com.mx\/index.php?rest_route=%2Fwp%2Fv2%2Fcategories&post=76406"},{"taxonomy":"post_tag","embeddable":true,"href":"https:\/\/zonaroja.com.mx\/index.php?rest_route=%2Fwp%2Fv2%2Ftags&post=76406"}],"curies":[{"name":"wp","href":"https:\/\/api.w.org\/{rel}","templated":true}]}}