{"id":7641,"date":"2020-01-13T21:26:31","date_gmt":"2020-01-14T03:26:31","guid":{"rendered":"http:\/\/www.zonaroja.com.mx\/?p=7641"},"modified":"2020-01-13T21:26:33","modified_gmt":"2020-01-14T03:26:33","slug":"agua-para-ayutla-exigen-al-gobernador-en-foro-del-agua","status":"publish","type":"post","link":"https:\/\/zonaroja.com.mx\/?p=7641","title":{"rendered":"\u00a1Agua para Ayutla!, exigen al gobernador en foro del agua"},"content":{"rendered":"\n<p>Yuridiana\nSosa\/Zona Roja.<\/p>\n\n\n\n<p>Oaxaca de\nJu\u00e1rez, Oax.,13 de enero de 2020.- La exigencia de San Pedro y San Pablo Ayutla\nMixe para tener agua no cesa. No se escucha, ni se atiende desde hace dos a\u00f1os\npor el gobierno estatal y federal.<\/p>\n\n\n\n<p>Este lunes,\nla demanda continu\u00f3 de cara al gobernador Alejandro Murat Hinojosa, durante un\nforo del agua en el Centro Cultural y de Convenciones de Oaxaca (CCCO) y la\npoblaci\u00f3n afectada alz\u00f3 la voz.<\/p>\n\n\n\n<p>\u201cAgua para\nAyutla!\u201d se le\u00eda en una cartulina sostenida por unas mujeres de pie en medio de\nuna multitud reunida. Ah\u00ed, tambi\u00e9n se encontraban diputados federales.<\/p>\n\n\n\n<p>\u201cNo es la\nfalta de equipamiento, que en muchas ocasiones que a veces es vieja, son las\nfugas de agua que tienen todos los sistemas de las ciudades, y entonces cu\u00e1nto\nde va en agua porque no tenemos dinero para atender&#8230;\u201d mencionaba el\ngobernador al tiempo que un trabajador del gobierno se acerc\u00f3 con los\nmanifestantes para tratar de contener la inconformidad.<\/p>\n\n\n\n<p>El mandatario\nincumpli\u00f3 con el pueblo Mixe de Ayutla en el compromiso de restablecer el\nservicio de agua, como el presidente Andr\u00e9s Manuel L\u00f3pez se lo pidi\u00f3 en agosto\nde 2019 en su visita a la entidad.<\/p>\n\n\n\n<p>Murat\nHinojosa no lleg\u00f3 a la poblaci\u00f3n como se hab\u00eda pactado para ese mismo mes. Al\nabandono persiste a dos a\u00f1os que la poblaci\u00f3n vecina de Tamazul\u00e1pam del\nEsp\u00edritu Santo se apoder\u00f3 del acceso al manantial que suministraba a Ayutla.<\/p>\n\n\n\n<p>Los\nafectados sostienen que el problema tiene que ver con un despojo agrario que\npretende concretar Tamazul\u00e1pam y privarlos del agua es una forma de castigo o\npresi\u00f3n para ceder.<\/p>\n\n\n\n<p>En San Pedro\ny San Pablo Ayutla ni\u00f1os, ni\u00f1as, mujeres, adultos mayores y poblaci\u00f3n en\ngeneral sufren cada d\u00eda por agua, aunque est\u00e1 ah\u00ed, tan cerca, pero sin acceso a\nesta.<\/p>\n","protected":false},"excerpt":{"rendered":"<p>Yuridiana Sosa\/Zona Roja. Oaxaca de Ju\u00e1rez, Oax.,13 de enero de 2020.- La exigencia de San&hellip;<\/p>\n","protected":false},"author":2,"featured_media":7642,"comment_status":"closed","ping_status":"open","sticky":false,"template":"","format":"standard","meta":{"_lmt_disableupdate":"","_lmt_disable":"","_jetpack_memberships_contains_paid_content":false,"footnotes":""},"categories":[109,47],"tags":[501],"class_list":["post-7641","post","type-post","status-publish","format-standard","has-post-thumbnail","hentry","category-minuto-a-minuto","category-zona-gris","tag-san-pedro-y-san-pablo-ayutla-mixe"],"jetpack_featured_media_url":"https:\/\/zonaroja.com.mx\/wp-content\/uploads\/2020\/01\/Protesta-Ayutla.jpg","jetpack_sharing_enabled":true,"_links":{"self":[{"href":"https:\/\/zonaroja.com.mx\/index.php?rest_route=\/wp\/v2\/posts\/7641","targetHints":{"allow":["GET"]}}],"collection":[{"href":"https:\/\/zonaroja.com.mx\/index.php?rest_route=\/wp\/v2\/posts"}],"about":[{"href":"https:\/\/zonaroja.com.mx\/index.php?rest_route=\/wp\/v2\/types\/post"}],"author":[{"embeddable":true,"href":"https:\/\/zonaroja.com.mx\/index.php?rest_route=\/wp\/v2\/users\/2"}],"replies":[{"embeddable":true,"href":"https:\/\/zonaroja.com.mx\/index.php?rest_route=%2Fwp%2Fv2%2Fcomments&post=7641"}],"version-history":[{"count":1,"href":"https:\/\/zonaroja.com.mx\/index.php?rest_route=\/wp\/v2\/posts\/7641\/revisions"}],"predecessor-version":[{"id":7643,"href":"https:\/\/zonaroja.com.mx\/index.php?rest_route=\/wp\/v2\/posts\/7641\/revisions\/7643"}],"wp:featuredmedia":[{"embeddable":true,"href":"https:\/\/zonaroja.com.mx\/index.php?rest_route=\/wp\/v2\/media\/7642"}],"wp:attachment":[{"href":"https:\/\/zonaroja.com.mx\/index.php?rest_route=%2Fwp%2Fv2%2Fmedia&parent=7641"}],"wp:term":[{"taxonomy":"category","embeddable":true,"href":"https:\/\/zonaroja.com.mx\/index.php?rest_route=%2Fwp%2Fv2%2Fcategories&post=7641"},{"taxonomy":"post_tag","embeddable":true,"href":"https:\/\/zonaroja.com.mx\/index.php?rest_route=%2Fwp%2Fv2%2Ftags&post=7641"}],"curies":[{"name":"wp","href":"https:\/\/api.w.org\/{rel}","templated":true}]}}