{"id":76446,"date":"2025-01-13T21:45:29","date_gmt":"2025-01-14T03:45:29","guid":{"rendered":"https:\/\/zonaroja.com.mx\/?p=76446"},"modified":"2025-01-13T21:45:30","modified_gmt":"2025-01-14T03:45:30","slug":"registra-oaxaca-seis-protestas-sociales-al-iniciar-la-semana","status":"publish","type":"post","link":"https:\/\/zonaroja.com.mx\/?p=76446","title":{"rendered":"Registra Oaxaca seis protestas sociales, al iniciar la semana"},"content":{"rendered":"\n<p>Ismael Garc\u00eda M.\/Zona Roja.<\/p>\n\n\n\n<p>Oaxaca de Ju\u00e1rez, Oax., a 13 de enero de 2025.- Al menos siete protestas se registraron este lunes en Oaxaca, principalmente en las regiones Valles Centrales y Sierra de Flores Mag\u00f3n.<\/p>\n\n\n\n<p>Esta noche, en el municipio de San Antonio de la Cal, un grupo de habitantes se moviliz\u00f3 para exigir una audiencia con el presidente Porfirio Santos Mat\u00edas, a fin de que intervenga ante la probable instalaci\u00f3n de un centro de transferencia de basura.<\/p>\n\n\n\n<p>Pero en lugar de escucharlos, el edil cerr\u00f3 las puertas de su oficina y amag\u00f3 con echarles a la polic\u00eda; por la ma\u00f1ana, los inconformes se manifestaron de manera pac\u00edfica en la avenida S\u00edmbolos Patrios.<\/p>\n\n\n\n<p>Afuera del Palacio de Gobierno, habitantes del municipio de San Crist\u00f3bal Amatl\u00e1n, protestaron para exigir la intervenci\u00f3n del gobierno a fin de liberar a su edil, encarcelado desde el s\u00e1bado pasado, por presuntos actos de corrupci\u00f3n.<\/p>\n\n\n\n<p>Junto con el presidente hab\u00edan sido encerrados varios integrantes del Cabildo, entre ellos tres mujeres, que fueron puestos en libertad.<\/p>\n\n\n\n<p>Tras ello, acudieron al complejo gubernamental de Ciudad Administrativa, en el municipio de Tlalixtac de Cabrera, donde demandaron asimismo la intervenci\u00f3n de las autoridades.<\/p>\n\n\n\n<p>Por cuarto d\u00eda consecutivo, pobladores de San Pedro Ocotepec Mixe, se mantienen en la ciudad de Oaxaca, para demandar la excarcelaci\u00f3n de sus autoridades municipales, detenidas desde el pasado mi\u00e9rcoles por la Fiscal\u00eda General del Estado, acusados de diversos delitos.<\/p>\n\n\n\n<p>Al inicio fueron ocho las personas detenidas y actualmente quedan a\u00fan tres que ya fueron vinculados a proceso, seg\u00fan adelant\u00f3 la Fiscal\u00eda General.&nbsp;<\/p>\n\n\n\n<p>Los inconformes exigen tambi\u00e9n que la Secretar\u00eda de Gobierno reconozca a sus nuevas autoridades y les entregue las acreditaciones correspondientes.<\/p>\n\n\n\n<p>Mientras que en Huautla de Jim\u00e9nez, municipio de la regi\u00f3n Sierra de Flores Mag\u00f3n, un grupo de pobladores cerr\u00f3 por tercer d\u00eda la carretera federal, en el acceso a dicha localidad.<\/p>\n\n\n\n<p>Exigen se libere a su presidente municipal, detenido el pasado mi\u00e9rcoles por personal de la Fiscal\u00eda General, acusado de diversos delitos; tambi\u00e9n ya fue vinculado a proceso.<\/p>\n\n\n\n<p>En el corredor exterior del Palacio de Gobierno, un reducido grupo de bur\u00f3cratas despedidos cumpli\u00f3 una semana en \u201cplant\u00f3n\u201d, en la exigencia de que les regresen su plaza laboral.<\/p>\n\n\n\n<p>Por unos minutos se manifestaron en el acceso lateral del inmueble, para demandar una reuni\u00f3n con las autoridades estatales.<\/p>\n\n\n\n<p>En San Bartolo Coyotepec, trabajadores sindicalizados pararon labores en el Hospital de la Ni\u00f1ez Oaxaque\u00f1a, al argumentar que el inmueble a\u00fan no cuenta con las condiciones \u00f3ptimas para su operaci\u00f3n.&nbsp;<\/p>\n\n\n\n<p>Ello luego de las obras de rehabilitaci\u00f3n que se realizaron, tras la inundaci\u00f3n de las instalaciones en junio del a\u00f1o pasado.<\/p>\n\n\n\n<p>Mientras que en una bodega del Instituto Estatal de Educaci\u00f3n P\u00fablica de Oaxaca, ubicada en la octava calle de Ray\u00f3n del centro de la capital, un grupo de proveedores de uniforme protest\u00f3 para exigir pagos pendientes.<\/p>\n\n\n\n<figure class=\"wp-block-embed is-type-rich is-provider-twitter wp-block-embed-twitter\"><div class=\"wp-block-embed__wrapper\">\n<div class=\"twitter-tweet\"><blockquote class=\"twitter-tweet\" data-lang=\"es\"><p lang=\"es\" dir=\"ltr\">Y en la octava calle de Ray\u00f3n, centro de la ciudad de Oaxaca, un grupo de proveedores de informes protest\u00f3 en una bodega del <a href=\"https:\/\/twitter.com\/IEEPOGobOax?ref_src=twsrc%5Etfw\">@IEEPOGobOax<\/a>. <a href=\"https:\/\/t.co\/n92wq8rW7d\">pic.twitter.com\/n92wq8rW7d<\/a><\/p>&mdash; Zona Roja Oaxaca (@ZonaRoja_Oaxaca) <a href=\"https:\/\/twitter.com\/ZonaRoja_Oaxaca\/status\/1878866345720451236?ref_src=twsrc%5Etfw\">13 de enero de 2025<\/a><\/blockquote><\/div>\n<\/div><\/figure>\n","protected":false},"excerpt":{"rendered":"<p>Ismael Garc\u00eda M.\/Zona Roja. Oaxaca de Ju\u00e1rez, Oax., a 13 de enero de 2025.- Al&hellip;<\/p>\n","protected":false},"author":2,"featured_media":76447,"comment_status":"closed","ping_status":"open","sticky":false,"template":"","format":"standard","meta":{"_lmt_disableupdate":"","_lmt_disable":"","_jetpack_memberships_contains_paid_content":false,"footnotes":""},"categories":[109,47],"tags":[518],"class_list":["post-76446","post","type-post","status-publish","format-standard","has-post-thumbnail","hentry","category-minuto-a-minuto","category-zona-gris","tag-protestas-oaxaca"],"jetpack_featured_media_url":"https:\/\/zonaroja.com.mx\/wp-content\/uploads\/2025\/01\/Protestas-en-la-ciudad-de-Oaxaca.jpg","jetpack_sharing_enabled":true,"_links":{"self":[{"href":"https:\/\/zonaroja.com.mx\/index.php?rest_route=\/wp\/v2\/posts\/76446","targetHints":{"allow":["GET"]}}],"collection":[{"href":"https:\/\/zonaroja.com.mx\/index.php?rest_route=\/wp\/v2\/posts"}],"about":[{"href":"https:\/\/zonaroja.com.mx\/index.php?rest_route=\/wp\/v2\/types\/post"}],"author":[{"embeddable":true,"href":"https:\/\/zonaroja.com.mx\/index.php?rest_route=\/wp\/v2\/users\/2"}],"replies":[{"embeddable":true,"href":"https:\/\/zonaroja.com.mx\/index.php?rest_route=%2Fwp%2Fv2%2Fcomments&post=76446"}],"version-history":[{"count":1,"href":"https:\/\/zonaroja.com.mx\/index.php?rest_route=\/wp\/v2\/posts\/76446\/revisions"}],"predecessor-version":[{"id":76448,"href":"https:\/\/zonaroja.com.mx\/index.php?rest_route=\/wp\/v2\/posts\/76446\/revisions\/76448"}],"wp:featuredmedia":[{"embeddable":true,"href":"https:\/\/zonaroja.com.mx\/index.php?rest_route=\/wp\/v2\/media\/76447"}],"wp:attachment":[{"href":"https:\/\/zonaroja.com.mx\/index.php?rest_route=%2Fwp%2Fv2%2Fmedia&parent=76446"}],"wp:term":[{"taxonomy":"category","embeddable":true,"href":"https:\/\/zonaroja.com.mx\/index.php?rest_route=%2Fwp%2Fv2%2Fcategories&post=76446"},{"taxonomy":"post_tag","embeddable":true,"href":"https:\/\/zonaroja.com.mx\/index.php?rest_route=%2Fwp%2Fv2%2Ftags&post=76446"}],"curies":[{"name":"wp","href":"https:\/\/api.w.org\/{rel}","templated":true}]}}