{"id":76455,"date":"2025-01-14T09:15:00","date_gmt":"2025-01-14T15:15:00","guid":{"rendered":"https:\/\/zonaroja.com.mx\/?p=76455"},"modified":"2025-01-14T07:01:17","modified_gmt":"2025-01-14T13:01:17","slug":"asegura-gobierno-que-atiende-necesidades-del-hospital-de-la-ninez","status":"publish","type":"post","link":"https:\/\/zonaroja.com.mx\/?p=76455","title":{"rendered":"Asegura gobierno que atiende necesidades del Hospital de la Ni\u00f1ez"},"content":{"rendered":"\n<p>Raymundo Morales\/Zona Roja.&nbsp;<\/p>\n\n\n\n<p>Oaxaca de Ju\u00e1rez, Oax., 14 de enero de 2025.- Tras las protestas y paro de labores del personal sindicalizados, el gobierno de Oaxaca asegur\u00f3 que se atienden las necesidades del Hospital de la Ni\u00f1ez Oaxaque\u00f1a \u201cDr. Guillermo Z\u00e1rate Mijangos\u201d.<\/p>\n\n\n\n<p>Y es que luego de regresar el pasado fin de semana a las instalaciones ubicadas en el municipio de San Bartolo Coyotepec, luego de m\u00e1s de seis meses de rehabilitaci\u00f3n por da\u00f1os causados por las lluvias, el personal acus\u00f3 que no hab\u00eda las condiciones \u00f3ptimas para laborar.<\/p>\n\n\n\n<p>Los Servicios de Salud de Oaxaca (SSO) y la Coordinaci\u00f3n de IMSS-Bienestar dieron a conocer que llevaron a cabo una mesa de trabajo con el personal del Hospital de la Ni\u00f1ez Oaxaque\u00f1a (HNO) para atender sus peticiones y garantizar la calidad en la atenci\u00f3n m\u00e9dica pedi\u00e1trica.<\/p>\n\n\n\n<p>En un comunicado indic\u00f3 que, como parte de estas acciones, el viernes pasado se realiz\u00f3 el retorno de pacientes hospitalizados provenientes del Hospital de la Mujer y el Ni\u00f1o Oaxaque\u00f1o, as\u00ed como de bienes muebles, equipo m\u00e9dico, medicamentos, material de curaci\u00f3n y familiares de pacientes.<\/p>\n\n\n\n<p>Para verificar las necesidades faltantes, se acord\u00f3 realizar un recorrido por las instalaciones del HNO a fin de cubrirlas de manera eficiente, fortaleciendo la infraestructura y los servicios de atenci\u00f3n.<\/p>\n\n\n\n<p>Actualmente, el hospital cuenta con el 89 por ciento de abasto en medicamentos y el 70 por ciento de camas instaladas; se prev\u00e9 la instalaci\u00f3n de 72 camas adicionales este viernes pr\u00f3ximo.<\/p>\n\n\n\n<p>Adem\u00e1s, se trabaja en la rehabilitaci\u00f3n del quir\u00f3fano y las terapias intensivas, con el objetivo de concluir estas obras a finales de enero de 2025.<\/p>\n\n\n\n<p>\u201cLos SSO y la Coordinaci\u00f3n de IMSS-Bienestar est\u00e1n en estrecha colaboraci\u00f3n con la base trabajadora y las autoridades para llegar a m\u00e1s acuerdos y rehabilitar el Hospital de la Ni\u00f1ez Oaxaque\u00f1a al 100 por ciento, priorizando siempre la salud de las y los pacientes\u201d, indic\u00f3.<\/p>\n\n\n\n<p>REHABILITAN OTRO HOSPITAL<\/p>\n\n\n\n<p>Por otra parte, el gobierno estatal inform\u00f3 que la coordinaci\u00f3n del IMSS-Bienestar inici\u00f3 ayer los trabajos de remodelaci\u00f3n del Hospital General \u201cEnfermera Mar\u00eda del Pilar S\u00e1nchez Villavicencio\u201d de esta instituci\u00f3n, ubicado en el municipio de la Heroica Ciudad de Huajuapan de Le\u00f3n.<\/p>\n\n\n\n<p>Estas obras tienen como objetivo fortalecer la infraestructura y la calidad de los servicios m\u00e9dicos en beneficio de la poblaci\u00f3n. Entre las mejoras previstas destacan la instalaci\u00f3n de muros y pisos conductivos; sustituci\u00f3n de puertas en \u00e1reas cr\u00edticas como quir\u00f3fano y recuperaci\u00f3n; renovaci\u00f3n de tomas de ox\u00edgeno y luminarias.&nbsp;<\/p>\n\n\n\n<p>As\u00ed como el cambio de plafones en \u00e1reas de urgencias, sala de expulsi\u00f3n, comedor, unidad de cuidados intermedios, pediatr\u00eda, neonatolog\u00eda, pasillos, aula de ense\u00f1anza y oficinas administrativas.<\/p>\n\n\n\n<p>Tambi\u00e9n se reemplazar\u00e1 el tanque de agua, suavizadores, calentadores, bomba recirculadora, bomba de hidroneum\u00e1tico y luminarias en diversas \u00e1reas del hospital, a fin de garantizar instalaciones para pacientes y personal m\u00e9dico, saldando una deuda hist\u00f3rica con la regi\u00f3n.<\/p>\n\n\n\n<p>Para asegurar la continuidad en la prestaci\u00f3n de servicios, se han implementado las siguientes medidas: habilitaci\u00f3n de un consultorio de urgencias y otro como sala de expulsi\u00f3n en el \u00e1rea de consulta externa, as\u00ed como la instalaci\u00f3n de dos camas para recuperaci\u00f3n en espacios alternativos.<\/p>\n\n\n\n<p>A pesar de estas adecuaciones, se pide a la poblaci\u00f3n comprensi\u00f3n durante las pr\u00f3ximas tres semanas que durar\u00e1n los trabajos, periodo en el que podr\u00edan modificarse ciertos servicios.<\/p>\n\n\n\n<p>El \u00e1rea de urgencias seguir\u00e1 valorando y derivando pacientes a hospitales estatales en caso de ser necesario. Adem\u00e1s, las \u00e1reas de hospitalizaci\u00f3n operar\u00e1n con normalidad.<\/p>\n\n\n\n<p>Por otro lado, se ha establecido una alianza con los hospitales p\u00fablicos del sector para poder brindar la atenci\u00f3n en caso de tener una emergencia obst\u00e9trica en sus instalaciones, garantizando as\u00ed la atenci\u00f3n oportuna en casos cr\u00edticos.<\/p>\n","protected":false},"excerpt":{"rendered":"<p>Raymundo Morales\/Zona Roja.&nbsp; Oaxaca de Ju\u00e1rez, Oax., 14 de enero de 2025.- Tras las protestas&hellip;<\/p>\n","protected":false},"author":2,"featured_media":76459,"comment_status":"closed","ping_status":"open","sticky":false,"template":"","format":"standard","meta":{"_lmt_disableupdate":"","_lmt_disable":"","_jetpack_memberships_contains_paid_content":false,"footnotes":""},"categories":[109,46],"tags":[318],"class_list":["post-76455","post","type-post","status-publish","format-standard","has-post-thumbnail","hentry","category-minuto-a-minuto","category-zona-blanca","tag-hospital-de-la-ninez-oaxaquena"],"jetpack_featured_media_url":"https:\/\/zonaroja.com.mx\/wp-content\/uploads\/2025\/01\/Equipamiento-Hospital-de-la-Ninez.jpeg","jetpack_sharing_enabled":true,"_links":{"self":[{"href":"https:\/\/zonaroja.com.mx\/index.php?rest_route=\/wp\/v2\/posts\/76455","targetHints":{"allow":["GET"]}}],"collection":[{"href":"https:\/\/zonaroja.com.mx\/index.php?rest_route=\/wp\/v2\/posts"}],"about":[{"href":"https:\/\/zonaroja.com.mx\/index.php?rest_route=\/wp\/v2\/types\/post"}],"author":[{"embeddable":true,"href":"https:\/\/zonaroja.com.mx\/index.php?rest_route=\/wp\/v2\/users\/2"}],"replies":[{"embeddable":true,"href":"https:\/\/zonaroja.com.mx\/index.php?rest_route=%2Fwp%2Fv2%2Fcomments&post=76455"}],"version-history":[{"count":1,"href":"https:\/\/zonaroja.com.mx\/index.php?rest_route=\/wp\/v2\/posts\/76455\/revisions"}],"predecessor-version":[{"id":76460,"href":"https:\/\/zonaroja.com.mx\/index.php?rest_route=\/wp\/v2\/posts\/76455\/revisions\/76460"}],"wp:featuredmedia":[{"embeddable":true,"href":"https:\/\/zonaroja.com.mx\/index.php?rest_route=\/wp\/v2\/media\/76459"}],"wp:attachment":[{"href":"https:\/\/zonaroja.com.mx\/index.php?rest_route=%2Fwp%2Fv2%2Fmedia&parent=76455"}],"wp:term":[{"taxonomy":"category","embeddable":true,"href":"https:\/\/zonaroja.com.mx\/index.php?rest_route=%2Fwp%2Fv2%2Fcategories&post=76455"},{"taxonomy":"post_tag","embeddable":true,"href":"https:\/\/zonaroja.com.mx\/index.php?rest_route=%2Fwp%2Fv2%2Ftags&post=76455"}],"curies":[{"name":"wp","href":"https:\/\/api.w.org\/{rel}","templated":true}]}}