{"id":76462,"date":"2025-01-14T10:08:00","date_gmt":"2025-01-14T16:08:00","guid":{"rendered":"https:\/\/zonaroja.com.mx\/?p=76462"},"modified":"2025-01-14T07:11:09","modified_gmt":"2025-01-14T13:11:09","slug":"masacran-a-cinco-personas-en-morelos","status":"publish","type":"post","link":"https:\/\/zonaroja.com.mx\/?p=76462","title":{"rendered":"Masacran a cinco personas en Morelos"},"content":{"rendered":"\n<p>Redacci\u00f3n\/Zona Roja Cdmx.<\/p>\n\n\n\n<p>Ciudad de M\u00e9xico, a 14 de enero de 2024.- Cinco integrantes de la Planilla Morada, aspirantes a dirigir el Comit\u00e9 de Bienes Comunales del municipio de Huitzilac, ubicado al norte de Morelos, fueron atacados a balazos. Los hechos ocurridos este lunes 13 de enero fueron confirmados por el alcalde C\u00e9sar D\u00e1vila D\u00edaz.<\/p>\n\n\n\n<p>Las primeras indagatorias indican que varios hombres armados, a bordo de motocicletas, dispararon contra los integrantes de la planilla.<\/p>\n\n\n\n<p>A trav\u00e9s de un comunicado, publicado en sus redes sociales, el edil lament\u00f3 profundamente lo ocurrido y conden\u00f3 el crimen. \u201cEste hecho no solo enluta a familias de nuestra comunidad, sino que tambi\u00e9n vulnera la paz y la seguridad que todos merecemos. Estos actos carecen de cualquier justificaci\u00f3n y van en contra de los principios de respeto, convivencia y di\u00e1logo que deben regir nuestra sociedad\u201d.<\/p>\n\n\n\n<p>Hizo un llamado a la ciudadan\u00eda para mantener la calma y fomentar la resoluci\u00f3n de conflictos mediante el di\u00e1logo.<\/p>\n\n\n\n<p>M\u00e1s tarde, mediante una publicaci\u00f3n en sus espacios digitales, el ayuntamiento de Huitzilac inform\u00f3 que ante los hechos el d\u00eda de ma\u00f1ana se suspenden las clases en todas las instituciones educativas.<\/p>\n\n\n\n<p>Elementos de la Fiscal\u00eda General del Estado (FGE) realiz\u00f3 las diligencias correspondientes; las fuerzas de seguridad estatal y federal implementaron un operativo en la zona sin que se reporte alguna detenci\u00f3n.<\/p>\n\n\n\n<p>El gobierno del estado reprob\u00f3 los hechos e hizo un llamado a la sociedad para aportar informaci\u00f3n a trav\u00e9s de la denuncia an\u00f3nima.<\/p>\n\n\n\n<p>La gobernadora Margarita Gonz\u00e1lez Saravia instruy\u00f3 a la Secretar\u00eda de Seguridad y Protecci\u00f3n Ciudadana, SSPC, y a los integrantes de la Mesa de Coordinaci\u00f3n Estatal para la Construcci\u00f3n de Paz y Seguridad, coadyuvar con la Fiscal\u00eda General del Estado, FGE, en las indagatorias.<\/p>\n\n\n\n<p>El gobierno del estado revel\u00f3 que las v\u00edctimas fueron identificadas como Silvia \u201cN\u201d (43 a\u00f1os), Juan Carlos \u201cN\u201d (49), Juan \u201cN\u201d (47), Juan Manuel \u201cN\u201d (43) y \u00c1lvaro \u201cN\u201d, quienes se encontraban realizando un acto proselitista en la v\u00eda p\u00fablica como integrantes de la plantilla morada para la pr\u00f3xima elecci\u00f3n de bienes comunales del municipio, que se llevar\u00e1 a cabo en el mes de marzo del a\u00f1o en curso.<\/p>\n\n\n\n<p>(Informaci\u00f3n de \u201cEl Financiero\u201d)<\/p>\n","protected":false},"excerpt":{"rendered":"<p>Redacci\u00f3n\/Zona Roja Cdmx. Ciudad de M\u00e9xico, a 14 de enero de 2024.- Cinco integrantes de&hellip;<\/p>\n","protected":false},"author":2,"featured_media":76463,"comment_status":"closed","ping_status":"open","sticky":false,"template":"","format":"standard","meta":{"_lmt_disableupdate":"","_lmt_disable":"","_jetpack_memberships_contains_paid_content":false,"footnotes":""},"categories":[109,51],"tags":[],"class_list":["post-76462","post","type-post","status-publish","format-standard","has-post-thumbnail","hentry","category-minuto-a-minuto","category-zona-roja"],"jetpack_featured_media_url":"https:\/\/zonaroja.com.mx\/wp-content\/uploads\/2025\/01\/Masacre-Morelos-Cinco-Muertos.webp","jetpack_sharing_enabled":true,"_links":{"self":[{"href":"https:\/\/zonaroja.com.mx\/index.php?rest_route=\/wp\/v2\/posts\/76462","targetHints":{"allow":["GET"]}}],"collection":[{"href":"https:\/\/zonaroja.com.mx\/index.php?rest_route=\/wp\/v2\/posts"}],"about":[{"href":"https:\/\/zonaroja.com.mx\/index.php?rest_route=\/wp\/v2\/types\/post"}],"author":[{"embeddable":true,"href":"https:\/\/zonaroja.com.mx\/index.php?rest_route=\/wp\/v2\/users\/2"}],"replies":[{"embeddable":true,"href":"https:\/\/zonaroja.com.mx\/index.php?rest_route=%2Fwp%2Fv2%2Fcomments&post=76462"}],"version-history":[{"count":1,"href":"https:\/\/zonaroja.com.mx\/index.php?rest_route=\/wp\/v2\/posts\/76462\/revisions"}],"predecessor-version":[{"id":76464,"href":"https:\/\/zonaroja.com.mx\/index.php?rest_route=\/wp\/v2\/posts\/76462\/revisions\/76464"}],"wp:featuredmedia":[{"embeddable":true,"href":"https:\/\/zonaroja.com.mx\/index.php?rest_route=\/wp\/v2\/media\/76463"}],"wp:attachment":[{"href":"https:\/\/zonaroja.com.mx\/index.php?rest_route=%2Fwp%2Fv2%2Fmedia&parent=76462"}],"wp:term":[{"taxonomy":"category","embeddable":true,"href":"https:\/\/zonaroja.com.mx\/index.php?rest_route=%2Fwp%2Fv2%2Fcategories&post=76462"},{"taxonomy":"post_tag","embeddable":true,"href":"https:\/\/zonaroja.com.mx\/index.php?rest_route=%2Fwp%2Fv2%2Ftags&post=76462"}],"curies":[{"name":"wp","href":"https:\/\/api.w.org\/{rel}","templated":true}]}}