{"id":76465,"date":"2025-01-14T10:14:00","date_gmt":"2025-01-14T16:14:00","guid":{"rendered":"https:\/\/zonaroja.com.mx\/?p=76465"},"modified":"2025-01-14T07:21:01","modified_gmt":"2025-01-14T13:21:01","slug":"en-visita-a-comunidades-antonino-morales-reitera-respaldo-a-sheinbaum","status":"publish","type":"post","link":"https:\/\/zonaroja.com.mx\/?p=76465","title":{"rendered":"En visita a comunidades, Antonino Morales reitera respaldo a Sheinbaum"},"content":{"rendered":"\n<p>Raymundo Morales\/Zona Roja.<\/p>\n\n\n\n<p>Oaxaca de Ju\u00e1rez, Oax., a 14 de enero de 2026.- Al visitar diversas comunidades de la regi\u00f3n Valles Centrales, el senador por Oaxaca destac\u00f3 la labor de la Presidenta Claudia Sheinbaum en los primeros 100 d\u00edas de gobierno y las acciones anunciadas para la entidad.<\/p>\n\n\n\n<p>\u00abAuguramos un futuro prometedor para nuestro pa\u00eds. Oaxaca estuvo presente celebrando los primeros 100 d\u00edas de gobierno. Siempre acompa\u00f1ando a nuestra presidenta y al movimiento\u00bb, se\u00f1al\u00f3.<\/p>\n\n\n\n<p>Dijo que viene un buen futuro para Oaxaca, ya que la presidenta Sheinbaum reconoce las necesidades del estado. Al igual que con el presidente Andr\u00e9s Manuel L\u00f3pez Obrador, Oaxaca se beneficiar\u00e1 con significativos proyectos.<\/p>\n\n\n\n<p>\u00abSe contempla la construcci\u00f3n de una carretera de cuatro carriles que conectar\u00e1 Salina Cruz con Guerrero, y la autopista de Oaxaca a la Cuenca del Papaloapan. Adem\u00e1s, a finales de este mes, se inaugurar\u00e1 la autopista Mitla-Tehuantepec, una obra largamente postergada por administraciones anteriores, as\u00ed como la continuidad de los caminos artesanales\u00bb, agreg\u00f3.<\/p>\n\n\n\n<p>El legislador subray\u00f3 el amplio respaldo popular hacia la presidenta Sheinbaum Pardo, quien cuenta con un 80% de aprobaci\u00f3n a nivel nacional.<\/p>\n\n\n\n<p>Asimismo, destac\u00f3 el mensaje pol\u00edtico contundente enviado durante el informe, que reafirm\u00f3 el apoyo a los migrantes y una postura firme hacia el gobierno de los Estados Unidos, que ser\u00e1 encabezado nuevamente por el presidente Donald Trump.<\/p>\n\n\n\n<p>El legislador zapoteca estuvo en Tlalixtac de Cabrera, para cumplir con el mandato del movimiento: escuchar y dialogar con el pueblo.<\/p>\n\n\n\n<p>Resalt\u00f3 la importancia de mantenerse siempre en contacto con el pueblo, como lo mandata la Presidenta Claudia Sheinbaum Pardo, para trabajar por los ejes que se conducen en el gobierno humanista; &nbsp;mantener la transformaci\u00f3n de la vida p\u00fablica y la defensa de los derechos de las mujeres y del pueblo de M\u00e9xico con honestidad y resultados.<\/p>\n\n\n\n<p>En ese sentido, Nino Morales agradeci\u00f3&nbsp;a los Presidentes Municipales de Tlalixtac de Cabrera y San Pablo Villa de Mitla, Alejandro Luj\u00e1n Manuel y Esa\u00fa L\u00f3pez &nbsp;Quero, respectivamente, por la invitaci\u00f3n y la oportunidad de trabajar en coordinaci\u00f3n.<\/p>\n\n\n\n<p>\u00abTambi\u00e9n tuvimos el honor de obsequiar una fotograf\u00eda de nuestra Presidenta, Claudia Sheinbaum Pardo, como s\u00edmbolo de nuestro firme compromiso con la transformaci\u00f3n de M\u00e9xico\u00bb, dijo el Senador de origen istme\u00f1o.<\/p>\n","protected":false},"excerpt":{"rendered":"<p>Raymundo Morales\/Zona Roja. Oaxaca de Ju\u00e1rez, Oax., a 14 de enero de 2026.- Al visitar&hellip;<\/p>\n","protected":false},"author":2,"featured_media":76466,"comment_status":"closed","ping_status":"open","sticky":false,"template":"","format":"standard","meta":{"_lmt_disableupdate":"","_lmt_disable":"","_jetpack_memberships_contains_paid_content":false,"footnotes":""},"categories":[109,46],"tags":[180],"class_list":["post-76465","post","type-post","status-publish","format-standard","has-post-thumbnail","hentry","category-minuto-a-minuto","category-zona-blanca","tag-antonino-morales-toledo"],"jetpack_featured_media_url":"https:\/\/zonaroja.com.mx\/wp-content\/uploads\/2025\/01\/Antonino-Morales-Toledo.jpeg","jetpack_sharing_enabled":true,"_links":{"self":[{"href":"https:\/\/zonaroja.com.mx\/index.php?rest_route=\/wp\/v2\/posts\/76465","targetHints":{"allow":["GET"]}}],"collection":[{"href":"https:\/\/zonaroja.com.mx\/index.php?rest_route=\/wp\/v2\/posts"}],"about":[{"href":"https:\/\/zonaroja.com.mx\/index.php?rest_route=\/wp\/v2\/types\/post"}],"author":[{"embeddable":true,"href":"https:\/\/zonaroja.com.mx\/index.php?rest_route=\/wp\/v2\/users\/2"}],"replies":[{"embeddable":true,"href":"https:\/\/zonaroja.com.mx\/index.php?rest_route=%2Fwp%2Fv2%2Fcomments&post=76465"}],"version-history":[{"count":1,"href":"https:\/\/zonaroja.com.mx\/index.php?rest_route=\/wp\/v2\/posts\/76465\/revisions"}],"predecessor-version":[{"id":76467,"href":"https:\/\/zonaroja.com.mx\/index.php?rest_route=\/wp\/v2\/posts\/76465\/revisions\/76467"}],"wp:featuredmedia":[{"embeddable":true,"href":"https:\/\/zonaroja.com.mx\/index.php?rest_route=\/wp\/v2\/media\/76466"}],"wp:attachment":[{"href":"https:\/\/zonaroja.com.mx\/index.php?rest_route=%2Fwp%2Fv2%2Fmedia&parent=76465"}],"wp:term":[{"taxonomy":"category","embeddable":true,"href":"https:\/\/zonaroja.com.mx\/index.php?rest_route=%2Fwp%2Fv2%2Fcategories&post=76465"},{"taxonomy":"post_tag","embeddable":true,"href":"https:\/\/zonaroja.com.mx\/index.php?rest_route=%2Fwp%2Fv2%2Ftags&post=76465"}],"curies":[{"name":"wp","href":"https:\/\/api.w.org\/{rel}","templated":true}]}}