{"id":76476,"date":"2025-01-14T17:18:04","date_gmt":"2025-01-14T23:18:04","guid":{"rendered":"https:\/\/zonaroja.com.mx\/?p=76476"},"modified":"2025-01-14T17:18:06","modified_gmt":"2025-01-14T23:18:06","slug":"opinion-peor-imposible","status":"publish","type":"post","link":"https:\/\/zonaroja.com.mx\/?p=76476","title":{"rendered":"Opini\u00f3n. Peor, imposible"},"content":{"rendered":"\n<p>Isidoro Yescas*<\/p>\n\n\n\n<p>En el a\u00f1o 2021, apenas superada la pandemia del Covid-19, el investigador y docente de la UABJO, Bartolom\u00e9 Rodolfo Navarro Jim\u00e9nez, en un ensayo&nbsp;publicado&nbsp;en&nbsp;\u201cLuces y Sombras de la Pandemia en Oaxaca\u201d,&nbsp;se\u00f1al\u00f3 m\u00e1s de&nbsp;20&nbsp;factores&nbsp;para explicar&nbsp;la crisis del sistema de salud mexicano.&nbsp;<\/p>\n\n\n\n<p>Cito&nbsp;a continuaci\u00f3n&nbsp;lo m\u00e1s relevantes,&nbsp;a la luz de&nbsp;todo lo que hoy ocurre en &nbsp;el Hospital Civil \u201cDr&nbsp;Aurelio Valdivieso\u201d y buena parte de los hospitales p\u00fablicos de nuestra entidad:<\/p>\n\n\n\n<p>Baja cobertura de atenci\u00f3n m\u00e9dica, d\u00e9ficit de&nbsp;personal m\u00e9dico,&nbsp;sobre&nbsp;todo&nbsp;especialistas;&nbsp;infraestructura hospitalaria deficiente e insuficiente, refacturaci\u00f3n de equipo m\u00e9dico, desabasto y compra de medicamentos a costos superiores a su valor real, compra de medicamentos gen\u00e9ricos&nbsp;reetiquetados&nbsp;con sobreprecio como si fueran medicamentos de patente, uso de medicamentos caducados,&nbsp;presupuesto insuficiente,&nbsp;opacidad&nbsp;y corrupci\u00f3n&nbsp;en el manejo de los recursos destinados al sector salud, etc.&nbsp;( \u201cLa otra pandemia que desmont\u00f3 el sistema de salud en Oaxaca\u201d,&nbsp;en \u201cLuces y Sombras de la&nbsp;Pandemia en Oaxaca\u201d, 2021,Yescas Isidoro, coord.).<\/p>\n\n\n\n<p>Estas y otras anomal\u00edas que los gobiernos del PRI y PAN fomentaron y\/o toleraron, no se acabaron con el ascenso y consolidaci\u00f3n de Morena en el Poder Ejecutivo a nivel federal y&nbsp;en los estados,&nbsp;como qued\u00f3 evidenciado con la pandemia del Covid-19, el fracaso del Insabi y, &nbsp;ahora,&nbsp;con&nbsp;ese nuevo experimento centralizador&nbsp;denominado IMSS-Bienestar, punto de&nbsp;referencia inmediato de todas las deficiencias, olvidos y tensiones que en estos d\u00edas se registran en el m\u00e1s importante hospital de la entidad y en buena parte de los hospitales regionales de Oaxaca.<\/p>\n\n\n\n<p>Pero toda&nbsp;la&nbsp;podredumbre&nbsp;que&nbsp;los trabajadores administrativos y personal m\u00e9dico del Hospital Civil han colocado en la vitrina p\u00fablica nacional para llamar la atenci\u00f3n de la misma Presidenta Claudia Sheinbaum viene de tres sexenios atr\u00e1s, desde los tiempos del&nbsp;ulisiato, pasando por el&nbsp;gabinismo&nbsp;y &nbsp;el&nbsp;muratismo,&nbsp;en su segunda edici\u00f3n.<\/p>\n\n\n\n<p>Como aspirante,&nbsp;y luego como candidato&nbsp;de Morena&nbsp;a la gubernatura, Salom\u00f3n Jara Cruz conoci\u00f3 y&nbsp;denunci\u00f3 de&nbsp;las&nbsp;anomal\u00edas&nbsp;y saqueos en el sector salud &nbsp;y prometi\u00f3 remediarlos si el voto popular lo favorec\u00eda.<\/p>\n\n\n\n<p>Hasta&nbsp;ahora,&nbsp;y&nbsp;ya enfilado hacia su tercer a\u00f1o de gobierno (por cierto,&nbsp;ser\u00e1 \u00e9ste 2025 cuando&nbsp;se&nbsp;deber\u00e1&nbsp;someter a consulta ciudadana si contin\u00faa o no en el cargo), todo parece indicar que el jefe del Poder Ejecutivo estatal no meter\u00e1 las manos para &nbsp;rescatar al Hospital Civil y, en general, a todo el sector salud que sigue subsistiendo con mejorales y remedios caseros.&nbsp;<\/p>\n\n\n\n<p>Y tiene la justificaci\u00f3n:&nbsp;todo lo que es y depende&nbsp;de los SSO&nbsp;ya est\u00e1 migrando&nbsp;al IMSS-Bienestar,&nbsp;lo que delega la responsabilidad&nbsp;institucional&nbsp;en manos del gobierno federal.<\/p>\n\n\n\n<p>Como lo se\u00f1alaba,&nbsp;el &nbsp;colapso&nbsp;del sistema de salud en Oaxaca viene de atr\u00e1s y lo que hoy presenciamos es meramente consecuencia y continuidad de una pol\u00edtica p\u00fablica caracterizada por la negligencia y &nbsp;corrupci\u00f3n no corregida&nbsp;por&nbsp;el gobierno primaveral.<\/p>\n\n\n\n<p>Durante el gobierno de URO se documentaron desfalcos por 500 millones, la desaparici\u00f3n de equipo m\u00e9dico valuado en 1,500 millones de pesos y la construcci\u00f3n de poco m\u00e1s&nbsp;de 100&nbsp;hospitales que en su mayor\u00eda quedaron&nbsp;en obra negra o sin equipar.<\/p>\n\n\n\n<p>Con Gabino&nbsp;Cu\u00e9&nbsp;el saqueo se expres\u00f3 en un desv\u00edo de 8 mil millones&nbsp;(en los SSO y el Seguro Popular) destinado a la compra de medicamentos, obras materiales fantasmas e incumplimiento de obligaciones laborales, adem\u00e1s de la contrataci\u00f3n irregular de cientos de trabajadores administrativos, seg\u00fan denuncia presentada por su sucesor Alejandro Murat&nbsp;(\u201cMilenio\u201d, diciembre 2 del 2016).<\/p>\n\n\n\n<p>Pero la promesa de una reingenier\u00eda administrativa y el saneamiento del sector salud ofrecida&nbsp;por &nbsp;Murat&nbsp;Jr., tampoco fue cumplida.&nbsp;<\/p>\n\n\n\n<p>La fallida respuesta de su gobierno a los efectos letales de la pandemia del Covid-19 &nbsp;entre&nbsp;los a\u00f1os 2019 y 2020 fue una clara muestra que no estaba en sus prioridades rescatar al sector salud de su quiebra financiera y deficientes servicios.&nbsp;<\/p>\n\n\n\n<p>Hoy,&nbsp;la &nbsp;soluci\u00f3n&nbsp;a la crisis terminal que vive el Hospital Civil y todo el sistema de salud oaxaque\u00f1o solamente tiene dos salidas:&nbsp;o los gobiernos federal y estatal le dan el tiro de gracia para ya de plano terminar de &nbsp;privatizar los servicios de salud p\u00fablica, o se dise\u00f1a una estrategia de rescate con la concurrencia de todos los actores involucrados.<\/p>\n\n\n\n<p>*Maestro en Sociolog\u00eda.<\/p>\n\n\n\n<p>X: @YescasIsidoro &nbsp; &nbsp; &nbsp; &nbsp; &nbsp; &nbsp; &nbsp;&nbsp;<\/p>\n\n\n\n<p>Faceboock: Isidoro Yescas<\/p>\n","protected":false},"excerpt":{"rendered":"<p>Isidoro Yescas* En el a\u00f1o 2021, apenas superada la pandemia del Covid-19, el investigador y&hellip;<\/p>\n","protected":false},"author":2,"featured_media":71623,"comment_status":"closed","ping_status":"open","sticky":false,"template":"","format":"standard","meta":{"_lmt_disableupdate":"","_lmt_disable":"","_jetpack_memberships_contains_paid_content":false,"footnotes":""},"categories":[456,109],"tags":[3998],"class_list":["post-76476","post","type-post","status-publish","format-standard","has-post-thumbnail","hentry","category-columna","category-minuto-a-minuto","tag-isidoro-yescas-martinez"],"jetpack_featured_media_url":"https:\/\/zonaroja.com.mx\/wp-content\/uploads\/2024\/08\/Opinion.-Isidoro-Yescas.jpg","jetpack_sharing_enabled":true,"_links":{"self":[{"href":"https:\/\/zonaroja.com.mx\/index.php?rest_route=\/wp\/v2\/posts\/76476","targetHints":{"allow":["GET"]}}],"collection":[{"href":"https:\/\/zonaroja.com.mx\/index.php?rest_route=\/wp\/v2\/posts"}],"about":[{"href":"https:\/\/zonaroja.com.mx\/index.php?rest_route=\/wp\/v2\/types\/post"}],"author":[{"embeddable":true,"href":"https:\/\/zonaroja.com.mx\/index.php?rest_route=\/wp\/v2\/users\/2"}],"replies":[{"embeddable":true,"href":"https:\/\/zonaroja.com.mx\/index.php?rest_route=%2Fwp%2Fv2%2Fcomments&post=76476"}],"version-history":[{"count":1,"href":"https:\/\/zonaroja.com.mx\/index.php?rest_route=\/wp\/v2\/posts\/76476\/revisions"}],"predecessor-version":[{"id":76477,"href":"https:\/\/zonaroja.com.mx\/index.php?rest_route=\/wp\/v2\/posts\/76476\/revisions\/76477"}],"wp:featuredmedia":[{"embeddable":true,"href":"https:\/\/zonaroja.com.mx\/index.php?rest_route=\/wp\/v2\/media\/71623"}],"wp:attachment":[{"href":"https:\/\/zonaroja.com.mx\/index.php?rest_route=%2Fwp%2Fv2%2Fmedia&parent=76476"}],"wp:term":[{"taxonomy":"category","embeddable":true,"href":"https:\/\/zonaroja.com.mx\/index.php?rest_route=%2Fwp%2Fv2%2Fcategories&post=76476"},{"taxonomy":"post_tag","embeddable":true,"href":"https:\/\/zonaroja.com.mx\/index.php?rest_route=%2Fwp%2Fv2%2Ftags&post=76476"}],"curies":[{"name":"wp","href":"https:\/\/api.w.org\/{rel}","templated":true}]}}