{"id":76481,"date":"2025-01-14T18:27:29","date_gmt":"2025-01-15T00:27:29","guid":{"rendered":"https:\/\/zonaroja.com.mx\/?p=76481"},"modified":"2025-01-14T19:42:05","modified_gmt":"2025-01-15T01:42:05","slug":"grupo-de-choque-con-transportistas-desaloja-protesta-en-oaxaca","status":"publish","type":"post","link":"https:\/\/zonaroja.com.mx\/?p=76481","title":{"rendered":"Grupo de choque con transportistas desaloja protesta en Oaxaca"},"content":{"rendered":"\n<p>Ismael Garc\u00eda M.\/Zona Roja.<\/p>\n\n\n\n<p>Oaxaca de Ju\u00e1rez, Oax., a 14 de enero de 2024.- Sujetos encapuchados, que llegaron a bordo de mototaxis, pipas y camiones tipo volteo, desalojaron con violencia a un grupo de colonos que protestaba en la avenida S\u00edmbolos Patrios, al sur de la ciudad de Oaxaca.<\/p>\n\n\n\n<p>Quienes encabezaban a los agresores descendieron de camionetas de lujo, de acuerdo con la narraci\u00f3n del fotorreportero Jorge Luis Plata, quien grab\u00f3 el momento del desalojo, que dej\u00f3 al menos seis personas lesionadas.<\/p>\n\n\n\n<p>Los colonos de Santa Cruz Xoxocotl\u00e1n y de San Antonio de la Cal han denunciado desde la semana pasada que autoridades estatales pretenden instalar un centro de transferencia de basura, en la zona lim\u00edtrofe de ambos municipios.<\/p>\n\n\n\n<p>Han efectuado tambi\u00e9n protestas pac\u00edficas en dicha vialidad, que hoy bloquearon desde las ocho de la ma\u00f1ana, para exigir ser escuchados por el gobierno, con la finalidad de que no se instale dicho tiradero provisional.<\/p>\n\n\n\n<p>Anoche, un grupo de los manifestantes acudi\u00f3 al palacio municipal de San Antonio de la Cal, para exigir un di\u00e1logo con el edil Porfirio Santos Mat\u00edas, pero \u00e9ste se neg\u00f3 a atenderlos y por el contrario concentr\u00f3 polic\u00edas para amagar con desalojarlos.<\/p>\n\n\n\n<figure class=\"wp-block-embed is-type-rich is-provider-twitter wp-block-embed-twitter\"><div class=\"wp-block-embed__wrapper\">\n<div class=\"twitter-tweet\"><blockquote class=\"twitter-tweet\" data-lang=\"es\"><p lang=\"es\" dir=\"ltr\">El fotorreportero <a href=\"https:\/\/twitter.com\/jlplatafoto?ref_src=twsrc%5Etfw\">@jlplatafoto<\/a> estuvo en el momento preciso en que llegaron los transportistas -al parecer de la Confederaci\u00f3n Joven- y a la orden de sus dirigentes, que bajaron de una camioneta de lujo, agredieron a colonos que bloqueaban la avenida S\u00edmbolos Patrios, al sur de\u2026 <a href=\"https:\/\/t.co\/OAoatN4E66\">pic.twitter.com\/OAoatN4E66<\/a><\/p>&mdash; Zona Roja Oaxaca (@ZonaRoja_Oaxaca) <a href=\"https:\/\/twitter.com\/ZonaRoja_Oaxaca\/status\/1879338728339976493?ref_src=twsrc%5Etfw\">15 de enero de 2025<\/a><\/blockquote><\/div>\n<\/div><\/figure>\n\n\n\n<p>Y esta tarde, alrededor de las 13:00 horas, a bordo de varios veh\u00edculos de transporte, arrib\u00f3 el grupo de choque, presuntamente de la organizaci\u00f3n de transportistas Confederaci\u00f3n Joven.<\/p>\n\n\n\n<p>Al grito de sus dirigentes, comenzaron a arrebatar pancartas y retirar mecates, ademas de golpear a las personas y quitar tel\u00e9fonos celulares a quienes grababan los hechos.<\/p>\n\n\n\n<p>Tras ello, se retiraron y apenas se fueron, arribaron elementos de la Polic\u00eda Estatal que no efectuaron ninguna detenci\u00f3n y por el contrario se dedicaron a grabar a periodistas e inconformes.<\/p>\n\n\n\n<p>Esta tarde, a trav\u00e9s de un comunicado, el gobierno de Oaxaca inform\u00f3 que antepone la conciliaci\u00f3n, el di\u00e1logo y acuerdo mutuo para dirimir cualquier manifestaci\u00f3n de la ciudadan\u00eda, \u201ca fin de brindar una soluci\u00f3n que beneficie a la poblaci\u00f3n oaxaque\u00f1a\u201d.<\/p>\n\n\n\n<p>Se\u00f1al\u00f3 que \u201cse trabaja en un acuerdo para instalar un centro de transferencia de residuos s\u00f3lidos urbanos, el cual no se trata de un basurero, como de manera maliciosa, se ha difundido\u201d.<\/p>\n\n\n\n<p>&nbsp;\u201cEl proyecto va, eso es definitivo, no hay intenci\u00f3n de cambiarlo de lugar, porque no va a contaminar y cumple con los est\u00e1ndares internacionales\u201d, dijo en su comunicado.&nbsp;<\/p>\n\n\n\n<p>Rechaz\u00f3 cualquier tipo de violencia y exhort\u00f3 a conducirse a trav\u00e9s de la civilidad y paz social para garantizar el bienestar de todas y todos.<\/p>\n\n\n\n<figure class=\"wp-block-embed is-type-rich is-provider-twitter wp-block-embed-twitter\"><div class=\"wp-block-embed__wrapper\">\n<div class=\"twitter-tweet\"><blockquote class=\"twitter-tweet\" data-lang=\"es\"><p lang=\"es\" dir=\"ltr\"><a href=\"https:\/\/twitter.com\/hashtag\/%C3%9AltimoMinuto?src=hash&amp;ref_src=twsrc%5Etfw\">#\u00daltimoMinuto<\/a><br>Reportan que un grupo de choque, presuntamente de transportistas de la Confederaci\u00f3n Joven, retir\u00f3 con violencia a colonos que se encontraban en la avenida S\u00edmbolos Patrios, al sur de la ciudad de <a href=\"https:\/\/twitter.com\/hashtag\/Oaxaca?src=hash&amp;ref_src=twsrc%5Etfw\">#Oaxaca<\/a>, para protestar contra la instalaci\u00f3n de un centro de\u2026 <a href=\"https:\/\/t.co\/vZiU6ktLuF\">pic.twitter.com\/vZiU6ktLuF<\/a><\/p>&mdash; Zona Roja Oaxaca (@ZonaRoja_Oaxaca) <a href=\"https:\/\/twitter.com\/ZonaRoja_Oaxaca\/status\/1879253746724802751?ref_src=twsrc%5Etfw\">14 de enero de 2025<\/a><\/blockquote><\/div>\n<\/div><\/figure>\n","protected":false},"excerpt":{"rendered":"<p>Ismael Garc\u00eda M.\/Zona Roja. Oaxaca de Ju\u00e1rez, Oax., a 14 de enero de 2024.- Sujetos&hellip;<\/p>\n","protected":false},"author":2,"featured_media":76482,"comment_status":"closed","ping_status":"open","sticky":false,"template":"","format":"standard","meta":{"_lmt_disableupdate":"","_lmt_disable":"","_jetpack_memberships_contains_paid_content":false,"footnotes":""},"categories":[109,47],"tags":[],"class_list":["post-76481","post","type-post","status-publish","format-standard","has-post-thumbnail","hentry","category-minuto-a-minuto","category-zona-gris"],"jetpack_featured_media_url":"https:\/\/zonaroja.com.mx\/wp-content\/uploads\/2025\/01\/Violento-desalojo-de-inconformes-San-Antonio-de-la-Cal-Xoxocotlan-.jpg","jetpack_sharing_enabled":true,"_links":{"self":[{"href":"https:\/\/zonaroja.com.mx\/index.php?rest_route=\/wp\/v2\/posts\/76481","targetHints":{"allow":["GET"]}}],"collection":[{"href":"https:\/\/zonaroja.com.mx\/index.php?rest_route=\/wp\/v2\/posts"}],"about":[{"href":"https:\/\/zonaroja.com.mx\/index.php?rest_route=\/wp\/v2\/types\/post"}],"author":[{"embeddable":true,"href":"https:\/\/zonaroja.com.mx\/index.php?rest_route=\/wp\/v2\/users\/2"}],"replies":[{"embeddable":true,"href":"https:\/\/zonaroja.com.mx\/index.php?rest_route=%2Fwp%2Fv2%2Fcomments&post=76481"}],"version-history":[{"count":2,"href":"https:\/\/zonaroja.com.mx\/index.php?rest_route=\/wp\/v2\/posts\/76481\/revisions"}],"predecessor-version":[{"id":76484,"href":"https:\/\/zonaroja.com.mx\/index.php?rest_route=\/wp\/v2\/posts\/76481\/revisions\/76484"}],"wp:featuredmedia":[{"embeddable":true,"href":"https:\/\/zonaroja.com.mx\/index.php?rest_route=\/wp\/v2\/media\/76482"}],"wp:attachment":[{"href":"https:\/\/zonaroja.com.mx\/index.php?rest_route=%2Fwp%2Fv2%2Fmedia&parent=76481"}],"wp:term":[{"taxonomy":"category","embeddable":true,"href":"https:\/\/zonaroja.com.mx\/index.php?rest_route=%2Fwp%2Fv2%2Fcategories&post=76481"},{"taxonomy":"post_tag","embeddable":true,"href":"https:\/\/zonaroja.com.mx\/index.php?rest_route=%2Fwp%2Fv2%2Ftags&post=76481"}],"curies":[{"name":"wp","href":"https:\/\/api.w.org\/{rel}","templated":true}]}}