{"id":76485,"date":"2025-01-14T19:56:03","date_gmt":"2025-01-15T01:56:03","guid":{"rendered":"https:\/\/zonaroja.com.mx\/?p=76485"},"modified":"2025-01-14T19:56:05","modified_gmt":"2025-01-15T01:56:05","slug":"cae-helicoptero-ambulancia-del-gobierno-de-oaxaca-no-hay-victimas","status":"publish","type":"post","link":"https:\/\/zonaroja.com.mx\/?p=76485","title":{"rendered":"Cae helic\u00f3ptero-ambulancia del gobierno de Oaxaca; no hay v\u00edctimas"},"content":{"rendered":"\n<p>Ismael Garc\u00eda M.\/Zona Roja.<\/p>\n\n\n\n<p>Oaxaca de Ju\u00e1rez, Oax., a 14 de enero de 2025.- Un helic\u00f3ptero del gobierno de Oaxaca que se utiliza como ambulancia a\u00e9rea se desplom\u00f3 la tarde de hoy en el aeropuerto internacional \u201cBenito Ju\u00e1rez\u201d de la entidad, sin que se registraran v\u00edctimas.<\/p>\n\n\n\n<p>En las redes sociales del gobernador Salom\u00f3n Jara Cruz y posteriormente en un comunicado de prensa, la autoridad estatal detall\u00f3 que se trata de la aeronave Agusta A109-E, que cay\u00f3 a un metro y medio de la cabecera 01 de la pista del aeropuerto de Oaxaca, \u201ccuando realizaba maniobras de aterrizaje, cuya tripulaci\u00f3n result\u00f3 con lesiones leves.&nbsp;<\/p>\n\n\n\n<p>\u201cLa aeronave realizaba tareas de adiestramiento, denominado vuelo de verificaci\u00f3n para la obtenci\u00f3n de capacidad por parte de la Agencia Federal de Aviaci\u00f3n Civil, en inmediaciones del aeropuerto de Santa Cruz Xoxocotl\u00e1n.<\/p>\n\n\n\n<p>\u201cInmediatamente del percance, se activaron los protocolos de atenci\u00f3n por parte del Cuerpo de Rescate de Extinci\u00f3n de Incendios (CREI) del mismo aeropuerto\u201d, indic\u00f3.<\/p>\n\n\n\n<p>Expuso que la tripulaci\u00f3n que iba a bordo estaba integrada por un capit\u00e1n piloto aviador, un instructor acreditado y un sinodal, conforme a lo establecido por dicha instancia.<\/p>\n\n\n\n<p>La agencia federal es la responsable de investigar y determinar las causas de este percance, cuyos representantes arribaron de manera inmediata al lugar e iniciaron con las diligencias respectivas, expuso en el comunicado.&nbsp;<\/p>\n\n\n\n<p>\u201cCabe precisar que el resultado de la investigaci\u00f3n se conocer\u00e1 en el tiempo que determine la autoridad en la materia, ya que depende de la informaci\u00f3n que se recabe\u201d.<\/p>\n\n\n\n<p>El Hangar Oficial del Gobierno del Estado dio a conocer que esta aeronave cuenta con todos los servicios de mantenimiento al d\u00eda, como lo establece el fabricante y de conformidad con lo que dictan las autoridades aeron\u00e1uticas. Las \u00faltimas inspecciones corresponden al 26 de diciembre de 2024, arrojando condiciones aeronavegables para su operaci\u00f3n.<\/p>\n\n\n\n<figure class=\"wp-block-embed is-type-rich is-provider-twitter wp-block-embed-twitter\"><div class=\"wp-block-embed__wrapper\">\n<div class=\"twitter-tweet\"><blockquote class=\"twitter-tweet\" data-lang=\"es\"><p lang=\"es\" dir=\"ltr\">Este martes mientras se llevaba a cabo un vuelo de adiestramiento en el helic\u00f3ptero Agusta A-109E, en el Aeropuerto de nuestro estado, al realizar una maniobra de descenso a tan solo metro y medio del suelo se present\u00f3 una resonancia en tierra que provoc\u00f3 un mal aterrizaje al\u2026<\/p>&mdash; Salom\u00f3n Jara Cruz (@salomonj) <a href=\"https:\/\/twitter.com\/salomonj\/status\/1879310382205948018?ref_src=twsrc%5Etfw\">14 de enero de 2025<\/a><\/blockquote><\/div>\n<\/div><\/figure>\n","protected":false},"excerpt":{"rendered":"<p>Ismael Garc\u00eda M.\/Zona Roja. Oaxaca de Ju\u00e1rez, Oax., a 14 de enero de 2025.- Un&hellip;<\/p>\n","protected":false},"author":2,"featured_media":76486,"comment_status":"closed","ping_status":"open","sticky":false,"template":"","format":"standard","meta":{"_lmt_disableupdate":"","_lmt_disable":"","_jetpack_memberships_contains_paid_content":false,"footnotes":""},"categories":[109,49],"tags":[],"class_list":["post-76485","post","type-post","status-publish","format-standard","has-post-thumbnail","hentry","category-minuto-a-minuto","category-zona-fresa"],"jetpack_featured_media_url":"https:\/\/zonaroja.com.mx\/wp-content\/uploads\/2025\/01\/Desplome-helicoptero-gobierno-de-Oaxaca.jpeg","jetpack_sharing_enabled":true,"_links":{"self":[{"href":"https:\/\/zonaroja.com.mx\/index.php?rest_route=\/wp\/v2\/posts\/76485","targetHints":{"allow":["GET"]}}],"collection":[{"href":"https:\/\/zonaroja.com.mx\/index.php?rest_route=\/wp\/v2\/posts"}],"about":[{"href":"https:\/\/zonaroja.com.mx\/index.php?rest_route=\/wp\/v2\/types\/post"}],"author":[{"embeddable":true,"href":"https:\/\/zonaroja.com.mx\/index.php?rest_route=\/wp\/v2\/users\/2"}],"replies":[{"embeddable":true,"href":"https:\/\/zonaroja.com.mx\/index.php?rest_route=%2Fwp%2Fv2%2Fcomments&post=76485"}],"version-history":[{"count":1,"href":"https:\/\/zonaroja.com.mx\/index.php?rest_route=\/wp\/v2\/posts\/76485\/revisions"}],"predecessor-version":[{"id":76487,"href":"https:\/\/zonaroja.com.mx\/index.php?rest_route=\/wp\/v2\/posts\/76485\/revisions\/76487"}],"wp:featuredmedia":[{"embeddable":true,"href":"https:\/\/zonaroja.com.mx\/index.php?rest_route=\/wp\/v2\/media\/76486"}],"wp:attachment":[{"href":"https:\/\/zonaroja.com.mx\/index.php?rest_route=%2Fwp%2Fv2%2Fmedia&parent=76485"}],"wp:term":[{"taxonomy":"category","embeddable":true,"href":"https:\/\/zonaroja.com.mx\/index.php?rest_route=%2Fwp%2Fv2%2Fcategories&post=76485"},{"taxonomy":"post_tag","embeddable":true,"href":"https:\/\/zonaroja.com.mx\/index.php?rest_route=%2Fwp%2Fv2%2Ftags&post=76485"}],"curies":[{"name":"wp","href":"https:\/\/api.w.org\/{rel}","templated":true}]}}