{"id":76488,"date":"2025-01-14T22:02:49","date_gmt":"2025-01-15T04:02:49","guid":{"rendered":"https:\/\/zonaroja.com.mx\/?p=76488"},"modified":"2025-01-14T22:02:51","modified_gmt":"2025-01-15T04:02:51","slug":"violencia-imparable-en-el-istmo-un-asesinado-en-matias-romero","status":"publish","type":"post","link":"https:\/\/zonaroja.com.mx\/?p=76488","title":{"rendered":"Violencia imparable en el Istmo; un asesinado en Mat\u00edas Romero"},"content":{"rendered":"\n<p>Raymundo Morales\/Zona Roja.<\/p>\n\n\n\n<p>Oaxaca de Ju\u00e1rez, Oax., a 14 de enero de 2025.- Una persona agredida por disparos de arma de fuego en el municipio de Mat\u00edas Romero perdi\u00f3 la vida cuando recib\u00eda atenci\u00f3n m\u00e9dica en un hospital del IMSS.<\/p>\n\n\n\n<p>Se trata de un hombre de aproximadamente 28 a\u00f1os de edad, quien fue atacado cuando se encontraba en el expendio \u201cPollo Fresco Mari\u201d, ubicado en la calle Galeana de la colonia San Bartolo.<\/p>\n\n\n\n<p>Uno de las balas le peg\u00f3 en el rostro por lo cual fue trasladado de urgencia al hospital del Instituto Mexicano del Seguro Social; sin embargo poco despu\u00e9s confirmaron que no resisti\u00f3 la intervenci\u00f3n quir\u00fargica debido a la gravedad de las lesiones.<\/p>\n\n\n\n<p>Presuntamente el ataque estar\u00eda relacionado con grupos del crimen organizado en la zona; polic\u00edas municipales arribaron a la zona pero pese a supuestos operativos, no hallaron a los responsables del ataque armado.<\/p>\n\n\n\n<p>Personal de la Vicefiscal\u00eda Regional del Istmo, dependiente de la Fiscal\u00eda General del Estado de Oaxaca, indaga los hechos.<\/p>\n","protected":false},"excerpt":{"rendered":"<p>Raymundo Morales\/Zona Roja. Oaxaca de Ju\u00e1rez, Oax., a 14 de enero de 2025.- Una persona&hellip;<\/p>\n","protected":false},"author":2,"featured_media":76489,"comment_status":"closed","ping_status":"open","sticky":false,"template":"","format":"standard","meta":{"_lmt_disableupdate":"","_lmt_disable":"","_jetpack_memberships_contains_paid_content":false,"footnotes":""},"categories":[109,51],"tags":[4054],"class_list":["post-76488","post","type-post","status-publish","format-standard","has-post-thumbnail","hentry","category-minuto-a-minuto","category-zona-roja","tag-asesinato-matias-romero"],"jetpack_featured_media_url":"https:\/\/zonaroja.com.mx\/wp-content\/uploads\/2025\/01\/Ejecutado-en-Matias-Romero.jpeg","jetpack_sharing_enabled":true,"_links":{"self":[{"href":"https:\/\/zonaroja.com.mx\/index.php?rest_route=\/wp\/v2\/posts\/76488","targetHints":{"allow":["GET"]}}],"collection":[{"href":"https:\/\/zonaroja.com.mx\/index.php?rest_route=\/wp\/v2\/posts"}],"about":[{"href":"https:\/\/zonaroja.com.mx\/index.php?rest_route=\/wp\/v2\/types\/post"}],"author":[{"embeddable":true,"href":"https:\/\/zonaroja.com.mx\/index.php?rest_route=\/wp\/v2\/users\/2"}],"replies":[{"embeddable":true,"href":"https:\/\/zonaroja.com.mx\/index.php?rest_route=%2Fwp%2Fv2%2Fcomments&post=76488"}],"version-history":[{"count":1,"href":"https:\/\/zonaroja.com.mx\/index.php?rest_route=\/wp\/v2\/posts\/76488\/revisions"}],"predecessor-version":[{"id":76490,"href":"https:\/\/zonaroja.com.mx\/index.php?rest_route=\/wp\/v2\/posts\/76488\/revisions\/76490"}],"wp:featuredmedia":[{"embeddable":true,"href":"https:\/\/zonaroja.com.mx\/index.php?rest_route=\/wp\/v2\/media\/76489"}],"wp:attachment":[{"href":"https:\/\/zonaroja.com.mx\/index.php?rest_route=%2Fwp%2Fv2%2Fmedia&parent=76488"}],"wp:term":[{"taxonomy":"category","embeddable":true,"href":"https:\/\/zonaroja.com.mx\/index.php?rest_route=%2Fwp%2Fv2%2Fcategories&post=76488"},{"taxonomy":"post_tag","embeddable":true,"href":"https:\/\/zonaroja.com.mx\/index.php?rest_route=%2Fwp%2Fv2%2Ftags&post=76488"}],"curies":[{"name":"wp","href":"https:\/\/api.w.org\/{rel}","templated":true}]}}