{"id":7649,"date":"2020-01-13T19:52:27","date_gmt":"2020-01-14T01:52:27","guid":{"rendered":"https:\/\/www.zonaroja.com.mx\/?p=7649"},"modified":"2020-01-14T07:33:56","modified_gmt":"2020-01-14T13:33:56","slug":"rechaza-cnte-docentes-calificados-y-enviados-a-telesecundarias-denuncia-7-casos","status":"publish","type":"post","link":"https:\/\/zonaroja.com.mx\/?p=7649","title":{"rendered":"Rechaza CNTE docentes calificados y enviados a Telesecundarias; denuncia 7 casos"},"content":{"rendered":"\n<p class=\"MsoNormal\">Yuridiana Sosa\/Zona Roja.<\/p>\n\n\n\n<p class=\"MsoNormal\">Oaxaca de Ju\u00e1rez, Oax., 13 de enero de 2020.- La Secci\u00f3n 22 de la Coordinadora Nacional de Trabajadores de la Educaci\u00f3n (CNTE) manifest\u00f3 su rechazo a la asignaci\u00f3n de docentes por parte del Instituto Estatal de Educaci\u00f3n P\u00fablica de Oaxaca (IEEPO), ahora en nivel de Telesecundarias, y llam\u00f3 al gremio a denunciar los casos.<\/p>\n\n\n\n<p class=\"MsoNormal\">La inconformidad deriv\u00f3 ante la presentaci\u00f3n de nuevo ingreso de al menos siete docentes y Personal de Apoyo y Asistencia a la Educaci\u00f3n (PAAE) centros escolares adheridos a la gremial disidente del SNTE en las regiones del Istmo y Ca\u00f1ada de Oaxaca.<\/p>\n\n\n\n<p class=\"MsoNormal\">A trav\u00e9s del Colectivo Estatal de Telesecundarias, la Secci\u00f3n 22 alert\u00f3 a los jefes de Sector, Comisiones Mixtas de Zonas Escolares y directores de centros de trabajo de dicho nivel sobre \u201cla irregular presentaci\u00f3n de personal de nuevo ingreso (\u2026) que llevan consigo una orden de adscripci\u00f3n firmada y sellada y por Oficial\u00eda Mayor del IEEPO\u201d.<\/p>\n\n\n\n<p class=\"MsoNormal\">Hasta el momento los casos se registraron en la Zona 45, con la presencia de un docente; otro m\u00e1s en la Zona 13; tres docentes y dos administrativos en la Zona 11, a quienes rechazan por no contar con \u201cla anuencia de nuestra instancia sindical-oficial\u201d, inform\u00f3 la gremial en un comunicado.<\/p>\n\n\n\n<p class=\"MsoNormal\">As\u00ed tambi\u00e9n, el Colectivo de Telesecundaria deslind\u00f3 de los hechos, los cuales consider\u00f3 arbitrarios y solicit\u00f3 a la base magisterial a denunciar de forma inmediata los casos \u201cirregulares\u201d que se presenten en los centros educativos.<\/p>\n","protected":false},"excerpt":{"rendered":"<p>Yuridiana Sosa\/Zona Roja. Oaxaca de Ju\u00e1rez, Oax., 13 de enero de 2020.- La Secci\u00f3n 22&hellip;<\/p>\n","protected":false},"author":2,"featured_media":3891,"comment_status":"closed","ping_status":"open","sticky":false,"template":"","format":"standard","meta":{"_lmt_disableupdate":"","_lmt_disable":"","_jetpack_memberships_contains_paid_content":false,"footnotes":""},"categories":[109,47],"tags":[312],"class_list":["post-7649","post","type-post","status-publish","format-standard","has-post-thumbnail","hentry","category-minuto-a-minuto","category-zona-gris","tag-seccion-22-del-snte"],"jetpack_featured_media_url":"https:\/\/zonaroja.com.mx\/wp-content\/uploads\/2019\/09\/cnte2.jpg","jetpack_sharing_enabled":true,"_links":{"self":[{"href":"https:\/\/zonaroja.com.mx\/index.php?rest_route=\/wp\/v2\/posts\/7649","targetHints":{"allow":["GET"]}}],"collection":[{"href":"https:\/\/zonaroja.com.mx\/index.php?rest_route=\/wp\/v2\/posts"}],"about":[{"href":"https:\/\/zonaroja.com.mx\/index.php?rest_route=\/wp\/v2\/types\/post"}],"author":[{"embeddable":true,"href":"https:\/\/zonaroja.com.mx\/index.php?rest_route=\/wp\/v2\/users\/2"}],"replies":[{"embeddable":true,"href":"https:\/\/zonaroja.com.mx\/index.php?rest_route=%2Fwp%2Fv2%2Fcomments&post=7649"}],"version-history":[{"count":1,"href":"https:\/\/zonaroja.com.mx\/index.php?rest_route=\/wp\/v2\/posts\/7649\/revisions"}],"predecessor-version":[{"id":7650,"href":"https:\/\/zonaroja.com.mx\/index.php?rest_route=\/wp\/v2\/posts\/7649\/revisions\/7650"}],"wp:featuredmedia":[{"embeddable":true,"href":"https:\/\/zonaroja.com.mx\/index.php?rest_route=\/wp\/v2\/media\/3891"}],"wp:attachment":[{"href":"https:\/\/zonaroja.com.mx\/index.php?rest_route=%2Fwp%2Fv2%2Fmedia&parent=7649"}],"wp:term":[{"taxonomy":"category","embeddable":true,"href":"https:\/\/zonaroja.com.mx\/index.php?rest_route=%2Fwp%2Fv2%2Fcategories&post=7649"},{"taxonomy":"post_tag","embeddable":true,"href":"https:\/\/zonaroja.com.mx\/index.php?rest_route=%2Fwp%2Fv2%2Ftags&post=7649"}],"curies":[{"name":"wp","href":"https:\/\/api.w.org\/{rel}","templated":true}]}}