{"id":76494,"date":"2025-01-15T07:15:00","date_gmt":"2025-01-15T13:15:00","guid":{"rendered":"https:\/\/zonaroja.com.mx\/?p=76494"},"modified":"2025-01-15T06:53:14","modified_gmt":"2025-01-15T12:53:14","slug":"unidad-antisecuestro-se-suma-a-busqueda-de-6-desaparecidos-en-oaxaca","status":"publish","type":"post","link":"https:\/\/zonaroja.com.mx\/?p=76494","title":{"rendered":"Unidad Antisecuestro se suma a b\u00fasqueda de 6 desaparecidos en Oaxaca"},"content":{"rendered":"\n<p>Raymundo Morales\/Zona Roja.<\/p>\n\n\n\n<p>Oaxaca de Ju\u00e1rez, Oax., a 15 de enero de 2025.- La Fiscal\u00eda General del Estado de Oaxaca intensific\u00f3 las labores de b\u00fasqueda de seis personas adultas desaparecidas en la regi\u00f3n de la Costa, acciones a las que se sum\u00f3 la Unidad Especializada de Combate al Secuestro (UECS).<\/p>\n\n\n\n<p>Asimismo, participan la Unidad de B\u00fasqueda de Personas No Localizadas (DNOL) y la Comandancia de Alto Impacto, la Secretar\u00eda de la Defensa Nacional (Defensa), la Polic\u00eda Estatal y la polic\u00eda municipal de Santa Mar\u00eda Colotepec.<\/p>\n\n\n\n<p>En un comunicado, detall\u00f3 que el municipio de Santa Mar\u00eda Colotepec se dise\u00f1\u00f3 una estrategia de b\u00fasqueda focalizada en diferentes partes de ese municipio y sus alrededores, para dar con el paradero de las seis personas.<\/p>\n\n\n\n<p>Por lo que, en la carretera Costera 200, se estableci\u00f3 un puesto de control y revisi\u00f3n de unidades de motor con reporte de robo o alguna alteraci\u00f3n, en el cual se obtuvieron resultados ajenos a los casos pero consistentes en el aseguramiento de una persona por portaci\u00f3n de drogas y dinero en efectivo, as\u00ed como dos autom\u00f3viles y dos motocicletas, los cuales fueron puestos a disposici\u00f3n del agente de ministerio p\u00fablico correspondiente.<\/p>\n\n\n\n<p>Agreg\u00f3 que el operativo coordinado se realiza en la regi\u00f3n de la Costa y Valles Centrales, durante el cual se distribuyeron fichas de b\u00fasqueda, a fin de ampliar las posibilidades de obtener datos e informaci\u00f3n que permitan conducir a la localizaci\u00f3n de las seis personas reportadas como no localizadas.<\/p>\n\n\n\n<p>Al tener conocimiento, la FGEO activ\u00f3 de manera inmediata los protocolos de actuaci\u00f3n en la investigaci\u00f3n y b\u00fasqueda, a trav\u00e9s de la Unidad de B\u00fasqueda de Personas Desaparecidas y No Localizadas (DNOL), perteneciente a la Vicefiscal\u00eda General de Atenci\u00f3n a V\u00edctimas y la Sociedad consistentes en la realizaci\u00f3n de operativos interinstitucionales, as\u00ed como recorridos, apegados a los protocolos de b\u00fasqueda con la intervenci\u00f3n de equipos multidisciplinarios.<\/p>\n\n\n\n<p>De acuerdo con las denuncias (recibidas por los diferentes casos entre el 11 y el 13 de enero de 2025), familiares de las v\u00edctimas indicaron que fueron vistas por \u00faltima vez entre el 31 de diciembre de 2024 y el 7 de enero de 2025, en diferentes puntos de la regi\u00f3n de los Valles Centrales.<\/p>\n\n\n\n<p>La Fiscal\u00eda de Oaxaca aplica los protocolos de investigaci\u00f3n ante casos de personas No Localizadas en este tipo de casos, adem\u00e1s que realiza investigaci\u00f3n multidisciplinarias para integrar diferentes \u00e1reas hasta agotar los recursos ministeriales para dar con el paradero de las v\u00edctimas.<\/p>\n","protected":false},"excerpt":{"rendered":"<p>Raymundo Morales\/Zona Roja. Oaxaca de Ju\u00e1rez, Oax., a 15 de enero de 2025.- La Fiscal\u00eda&hellip;<\/p>\n","protected":false},"author":2,"featured_media":76495,"comment_status":"closed","ping_status":"open","sticky":false,"template":"","format":"standard","meta":{"_lmt_disableupdate":"","_lmt_disable":"","_jetpack_memberships_contains_paid_content":false,"footnotes":""},"categories":[109,46],"tags":[494],"class_list":["post-76494","post","type-post","status-publish","format-standard","has-post-thumbnail","hentry","category-minuto-a-minuto","category-zona-blanca","tag-fiscalia-general-del-estado-de-oaxaca"],"jetpack_featured_media_url":"https:\/\/zonaroja.com.mx\/wp-content\/uploads\/2025\/01\/Fiscalia-de-Oaxaca-en-coordinacion-con-SEDENA-y-Policia-Estatal-fortalecen-operativos-de-busqueda-y-localizacion-en-la-Costa-y-Valles-Centrales-por-seis-personas-reportadas-como-No-Localizadas4.jpeg","jetpack_sharing_enabled":true,"_links":{"self":[{"href":"https:\/\/zonaroja.com.mx\/index.php?rest_route=\/wp\/v2\/posts\/76494","targetHints":{"allow":["GET"]}}],"collection":[{"href":"https:\/\/zonaroja.com.mx\/index.php?rest_route=\/wp\/v2\/posts"}],"about":[{"href":"https:\/\/zonaroja.com.mx\/index.php?rest_route=\/wp\/v2\/types\/post"}],"author":[{"embeddable":true,"href":"https:\/\/zonaroja.com.mx\/index.php?rest_route=\/wp\/v2\/users\/2"}],"replies":[{"embeddable":true,"href":"https:\/\/zonaroja.com.mx\/index.php?rest_route=%2Fwp%2Fv2%2Fcomments&post=76494"}],"version-history":[{"count":1,"href":"https:\/\/zonaroja.com.mx\/index.php?rest_route=\/wp\/v2\/posts\/76494\/revisions"}],"predecessor-version":[{"id":76496,"href":"https:\/\/zonaroja.com.mx\/index.php?rest_route=\/wp\/v2\/posts\/76494\/revisions\/76496"}],"wp:featuredmedia":[{"embeddable":true,"href":"https:\/\/zonaroja.com.mx\/index.php?rest_route=\/wp\/v2\/media\/76495"}],"wp:attachment":[{"href":"https:\/\/zonaroja.com.mx\/index.php?rest_route=%2Fwp%2Fv2%2Fmedia&parent=76494"}],"wp:term":[{"taxonomy":"category","embeddable":true,"href":"https:\/\/zonaroja.com.mx\/index.php?rest_route=%2Fwp%2Fv2%2Fcategories&post=76494"},{"taxonomy":"post_tag","embeddable":true,"href":"https:\/\/zonaroja.com.mx\/index.php?rest_route=%2Fwp%2Fv2%2Ftags&post=76494"}],"curies":[{"name":"wp","href":"https:\/\/api.w.org\/{rel}","templated":true}]}}