{"id":76500,"date":"2025-01-15T09:56:00","date_gmt":"2025-01-15T15:56:00","guid":{"rendered":"https:\/\/zonaroja.com.mx\/?p=76500"},"modified":"2025-01-15T08:00:43","modified_gmt":"2025-01-15T14:00:43","slug":"crisis-en-salud-siguen-quejas-en-hospital-civil-reanudan-en-hospital-de-la-ninez","status":"publish","type":"post","link":"https:\/\/zonaroja.com.mx\/?p=76500","title":{"rendered":"Crisis en salud: siguen quejas en Hospital Civil; reanudan en Hospital de la Ni\u00f1ez"},"content":{"rendered":"\n<p>Ismael Garc\u00eda M.\/Zona Roja.<\/p>\n\n\n\n<p>Oaxaca de Ju\u00e1rez, Oax., a 15 de enero de 2026.- A las deficiencias denunciadas desde la semana pasada, al Hospital General \u201cDr. Aurelio Valdivieso\u201d se sum\u00f3 la falta de insumos al \u00e1rea de laboratorio.<\/p>\n\n\n\n<p>Este martes, el personal difundi\u00f3 un comunicado en que los responsables de las \u00e1reas de ginecolog\u00eda, obstetricia y anestesiolog\u00eda demandan al IMSS-Bienestar surta los materiales necesarios a dicha \u00e1rea.<\/p>\n\n\n\n<p>Lo anterior debido a que no se pueden realizar las pruebas cruzadas de compatibilidad de hemoderivados y de transfusi\u00f3n de componentes sangu\u00edneos, adem\u00e1s de que no se cuenta con reactivos para estudios de tiempos de coagulaci\u00f3n, biometr\u00eda hem\u00e1tica, electrolitos s\u00e9ricos, qu\u00edmica sangu\u00ednea, entre otras.<\/p>\n\n\n\n<p>Expusieron que en el laboratorio de bacteriolog\u00eda faltan tubos para la toma de muestras preanal\u00edticas, papeler\u00eda para imprimir resultados e internet para la consulta de cambio de lotes y de generaciones, sin posibilidad de contar con interface para darle la trazabilidad a las pacientes.<\/p>\n\n\n\n<p>\u201cEsta situaci\u00f3n compromete la calidad de atenci\u00f3n al no contar con elementos para el diagn\u00f3stico, tratamiento oportuno y seguimiento bioqu\u00edmico de complicaciones de las patolog\u00edas que se atienden en esta unidad hospitalaria\u201d, expusieron.<\/p>\n\n\n\n<p>HOSPITAL DE LA NI\u00d1EZ<\/p>\n\n\n\n<p>En tanto, en el Hospital de la Ni\u00f1ez Oaxaque\u00f1a \u201cDr. Guillermo Z\u00e1rate Mijangos\u201d, los trabajadores sindicalizados determinaron dar un voto de confianza a las autoridades estatales y reanudar labores este d\u00eda, ante el compromiso de concluir a la brevedad las obras de rehabilitaci\u00f3n.<\/p>\n\n\n\n<p>A su vez, el gobierno de Oaxaca inform\u00f3, a trav\u00e9s de un comunicado, que ayer efectu\u00f3 un recorrido de supervisi\u00f3n a dicho nosocomio ubicado en el municipio de San Bartolo Coyotepec, con la finalidad de revisar los avances en los trabajos pendientes.<\/p>\n\n\n\n<p>El secretario de Salud, Efr\u00e9n Emmanuel Jarqu\u00edn Gonz\u00e1lez, la coordinadora federal del IMSS-Bienestar en Oaxaca, Soledad Z\u00e1rate Hern\u00e1ndez, y el secretario general de la Secci\u00f3n 35 del Sindicato Nacional de Trabajadores de la Secretar\u00eda de Salud (SNTSA), Omar L\u00f3pez S\u00e1nchez, revisaron las necesidades prioritarias de las distintas \u00e1reas del nosocomio y escucharon las propuestas de la base trabajadora.<\/p>\n\n\n\n<p>Durante el recorrido se establecieron acuerdos para coordinar esfuerzos a nivel estatal y federal que permitan atender los requerimientos m\u00e1s urgentes en las pr\u00f3ximas semanas.&nbsp;<\/p>\n\n\n\n<p>\u201cEstas acciones buscan asegurar que el personal m\u00e9dico cuente con instalaciones dignas y que los servicios de salud para la poblaci\u00f3n infantil sean de calidad y con capacidad resolutiva\u201d, destac\u00f3.<\/p>\n\n\n\n<p>En el comunicado se se\u00f1al\u00f3 que el gobernador Salom\u00f3n Jara Cruz, ha girado instrucciones claras para dignificar y fortalecer este importante hospital \u00fanico en la entidad, mediante instalaciones modernas y funcionales, equipo m\u00e9dico de \u00faltima generaci\u00f3n y capacidad resolutiva para atenci\u00f3n m\u00e9dica de excelencia.<\/p>\n\n\n\n<p>Con los trabajos de rehabilitaci\u00f3n, el gremio sindical permanecer\u00e1 en sesi\u00f3n permanente; sin embargo, se asegura la continuidad de los servicios m\u00e9dicos especializados para las y los pacientes infantiles que requieran atenci\u00f3n, por lo que no se escuchar\u00e1n los servicios que brinda dicho centro infantil.<\/p>\n","protected":false},"excerpt":{"rendered":"<p>Ismael Garc\u00eda M.\/Zona Roja. Oaxaca de Ju\u00e1rez, Oax., a 15 de enero de 2026.- A&hellip;<\/p>\n","protected":false},"author":2,"featured_media":76501,"comment_status":"closed","ping_status":"open","sticky":false,"template":"","format":"standard","meta":{"_lmt_disableupdate":"","_lmt_disable":"","_jetpack_memberships_contains_paid_content":false,"footnotes":""},"categories":[109,47],"tags":[781,318],"class_list":["post-76500","post","type-post","status-publish","format-standard","has-post-thumbnail","hentry","category-minuto-a-minuto","category-zona-gris","tag-hospital-civil-dr-aurelio-valdivieso-de-oaxaca","tag-hospital-de-la-ninez-oaxaquena"],"jetpack_featured_media_url":"https:\/\/zonaroja.com.mx\/wp-content\/uploads\/2025\/01\/Visita-al-Hospital-de-la-Ninez-Oaxaquena.jpeg","jetpack_sharing_enabled":true,"_links":{"self":[{"href":"https:\/\/zonaroja.com.mx\/index.php?rest_route=\/wp\/v2\/posts\/76500","targetHints":{"allow":["GET"]}}],"collection":[{"href":"https:\/\/zonaroja.com.mx\/index.php?rest_route=\/wp\/v2\/posts"}],"about":[{"href":"https:\/\/zonaroja.com.mx\/index.php?rest_route=\/wp\/v2\/types\/post"}],"author":[{"embeddable":true,"href":"https:\/\/zonaroja.com.mx\/index.php?rest_route=\/wp\/v2\/users\/2"}],"replies":[{"embeddable":true,"href":"https:\/\/zonaroja.com.mx\/index.php?rest_route=%2Fwp%2Fv2%2Fcomments&post=76500"}],"version-history":[{"count":1,"href":"https:\/\/zonaroja.com.mx\/index.php?rest_route=\/wp\/v2\/posts\/76500\/revisions"}],"predecessor-version":[{"id":76502,"href":"https:\/\/zonaroja.com.mx\/index.php?rest_route=\/wp\/v2\/posts\/76500\/revisions\/76502"}],"wp:featuredmedia":[{"embeddable":true,"href":"https:\/\/zonaroja.com.mx\/index.php?rest_route=\/wp\/v2\/media\/76501"}],"wp:attachment":[{"href":"https:\/\/zonaroja.com.mx\/index.php?rest_route=%2Fwp%2Fv2%2Fmedia&parent=76500"}],"wp:term":[{"taxonomy":"category","embeddable":true,"href":"https:\/\/zonaroja.com.mx\/index.php?rest_route=%2Fwp%2Fv2%2Fcategories&post=76500"},{"taxonomy":"post_tag","embeddable":true,"href":"https:\/\/zonaroja.com.mx\/index.php?rest_route=%2Fwp%2Fv2%2Ftags&post=76500"}],"curies":[{"name":"wp","href":"https:\/\/api.w.org\/{rel}","templated":true}]}}