{"id":76515,"date":"2025-01-15T17:58:16","date_gmt":"2025-01-15T23:58:16","guid":{"rendered":"https:\/\/zonaroja.com.mx\/?p=76515"},"modified":"2025-01-15T17:58:18","modified_gmt":"2025-01-15T23:58:18","slug":"mientras-comparece-titular-de-sego-se-enfrentan-en-supercarretera-a-la-costa","status":"publish","type":"post","link":"https:\/\/zonaroja.com.mx\/?p=76515","title":{"rendered":"Mientras comparece titular de Sego, se enfrentan en supercarretera a la Costa"},"content":{"rendered":"\n<p>Raymundo Morales\/Zona Roja.<\/p>\n\n\n\n<p>Oaxaca de Ju\u00e1rez, Oax., a 15 de septiembre de 2025.- Mientras comparec\u00eda el titular el secretario de Gobierno, Jes\u00fas Romero L\u00f3pez, ante el Congreso de Oaxaca, grupos de transportistas se enfrentaron en la supercarretera Oaxaca-Puerto Escondido, tras lo cual bloquearon dicha v\u00eda r\u00e1pida.<\/p>\n\n\n\n<p>De acuerdo con los primeros reportes, el conflicto se suscit\u00f3 alrededor de las 10:00 horas en el kil\u00f3metro 39, a la altura de la agencia de San Francisco Coatl\u00e1n, por la disputa de acarreo de materiales.<\/p>\n\n\n\n<p>Presuntamente integrantes de la Confederaci\u00f3n Internacional de Trabajadores (CIT) se disputaron los trabajos, lo que deriv\u00f3 en un enfrentamiento, que dej\u00f3 al varias personas lesionadas.<\/p>\n\n\n\n<p>Asimismo, al menos cinco personas retenidas, tres de San Francisco Coatl\u00e1n y dos de San Pablo Coatl\u00e1n.<\/p>\n\n\n\n<p>Hasta el momento contin\u00faa el bloqueo a la supercarretera y de manera espor\u00e1dica dan paso a los automovilistas, que han formado una larga fila en espera de poder transitar sin contratiempos.<\/p>\n\n\n\n<p>Hasta el momento no se tiene una versi\u00f3n ni de la Secretar\u00eda de Gobierno ni de ninguna otra instancia gubernamental.<\/p>\n","protected":false},"excerpt":{"rendered":"<p>Raymundo Morales\/Zona Roja. Oaxaca de Ju\u00e1rez, Oax., a 15 de septiembre de 2025.- Mientras comparec\u00eda&hellip;<\/p>\n","protected":false},"author":2,"featured_media":76516,"comment_status":"closed","ping_status":"open","sticky":false,"template":"","format":"standard","meta":{"_lmt_disableupdate":"","_lmt_disable":"","_jetpack_memberships_contains_paid_content":false,"footnotes":""},"categories":[109,47],"tags":[3639],"class_list":["post-76515","post","type-post","status-publish","format-standard","has-post-thumbnail","hentry","category-minuto-a-minuto","category-zona-gris","tag-supercarretera-oaxaca-costa"],"jetpack_featured_media_url":"https:\/\/zonaroja.com.mx\/wp-content\/uploads\/2025\/01\/Bloqueo-supercarretera-a-Puerto-Escondido.jpg","jetpack_sharing_enabled":true,"_links":{"self":[{"href":"https:\/\/zonaroja.com.mx\/index.php?rest_route=\/wp\/v2\/posts\/76515","targetHints":{"allow":["GET"]}}],"collection":[{"href":"https:\/\/zonaroja.com.mx\/index.php?rest_route=\/wp\/v2\/posts"}],"about":[{"href":"https:\/\/zonaroja.com.mx\/index.php?rest_route=\/wp\/v2\/types\/post"}],"author":[{"embeddable":true,"href":"https:\/\/zonaroja.com.mx\/index.php?rest_route=\/wp\/v2\/users\/2"}],"replies":[{"embeddable":true,"href":"https:\/\/zonaroja.com.mx\/index.php?rest_route=%2Fwp%2Fv2%2Fcomments&post=76515"}],"version-history":[{"count":1,"href":"https:\/\/zonaroja.com.mx\/index.php?rest_route=\/wp\/v2\/posts\/76515\/revisions"}],"predecessor-version":[{"id":76517,"href":"https:\/\/zonaroja.com.mx\/index.php?rest_route=\/wp\/v2\/posts\/76515\/revisions\/76517"}],"wp:featuredmedia":[{"embeddable":true,"href":"https:\/\/zonaroja.com.mx\/index.php?rest_route=\/wp\/v2\/media\/76516"}],"wp:attachment":[{"href":"https:\/\/zonaroja.com.mx\/index.php?rest_route=%2Fwp%2Fv2%2Fmedia&parent=76515"}],"wp:term":[{"taxonomy":"category","embeddable":true,"href":"https:\/\/zonaroja.com.mx\/index.php?rest_route=%2Fwp%2Fv2%2Fcategories&post=76515"},{"taxonomy":"post_tag","embeddable":true,"href":"https:\/\/zonaroja.com.mx\/index.php?rest_route=%2Fwp%2Fv2%2Ftags&post=76515"}],"curies":[{"name":"wp","href":"https:\/\/api.w.org\/{rel}","templated":true}]}}