{"id":76518,"date":"2025-01-15T19:39:46","date_gmt":"2025-01-16T01:39:46","guid":{"rendered":"https:\/\/zonaroja.com.mx\/?p=76518"},"modified":"2025-01-15T19:39:48","modified_gmt":"2025-01-16T01:39:48","slug":"crece-inseguridad-en-oaxaca-capital-linchan-a-individuo","status":"publish","type":"post","link":"https:\/\/zonaroja.com.mx\/?p=76518","title":{"rendered":"Crece inseguridad en Oaxaca capital; linchan a individuo\u00a0"},"content":{"rendered":"\n<p>Ismael Garc\u00eda M.\/Zona Roja.<\/p>\n\n\n\n<p>Oaxaca de Ju\u00e1rez, Oax., a 15 de enero de 2025.- Dos actos violentos, entre ello un intento de asesinato, ocurrieron este mi\u00e9rcoles en la ciudad de Oaxaca.<\/p>\n\n\n\n<p>Una persona del sexo masculino estuvo a punto de ser linchada en la zona norte de la capital de Oaxaca, ante la grave inseguridad que prevalece en la zona.<\/p>\n\n\n\n<p>Fue en la colonia Ampliaci\u00f3n Siete Regiones en que los habitantes detuvieron a un presunto ladr\u00f3n, lo golpearon y le prendieron fuego, para intentar quemarlo en vida.<\/p>\n\n\n\n<p>No obstante, fue rescatado y trasladado a un nosocomio en estado grave de salud.<\/p>\n\n\n\n<p>A trav\u00e9s de un comunicado, la Fiscal\u00eda General del Estado de Oaxaca (FGEO) dos a conocer que implement\u00f3 las acciones necesarias para iniciar las investigaciones ministeriales y los trabajos periciales, luego de recibir el reporte sobre una persona agredida durante la ma\u00f1ana de este 15 de enero de 2025.<\/p>\n\n\n\n<p>\u201cComo resultado de las primeras indagatorias y entrevistas, fue posible delinear con mayor precisi\u00f3n las l\u00edneas de investigaci\u00f3n en torno al caso, por lo que ya se cuentan con directrices sobre los posibles motivos, as\u00ed como de los probables responsables de estos hechos\u201d, indic\u00f3.<\/p>\n\n\n\n<p>Expuso que realiza estudios de an\u00e1lisis y contexto como parte de las labores de inteligencia criminal para conocer las particularidades y el entorno de las v\u00edctimas, para tener mayor certeza en los procesos de procuraci\u00f3n de justicia.<\/p>\n\n\n\n<p>Por otra parte, la ma\u00f1ana de hoy, una persona del sexo masculino fue asaltada y lesionada en la calle Galeana esquina con Perif\u00e9rico de la capital, sin que hubiera polic\u00edas municipales en la zona.<\/p>\n\n\n\n<p>Param\u00e9dicos arribaron al lugar para atender a la v\u00edctima y llevarla a un hospital; la polic\u00eda municipal no ha reportado ninguna detenci\u00f3n al respecto.<\/p>\n","protected":false},"excerpt":{"rendered":"<p>Ismael Garc\u00eda M.\/Zona Roja. Oaxaca de Ju\u00e1rez, Oax., a 15 de enero de 2025.- Dos&hellip;<\/p>\n","protected":false},"author":2,"featured_media":76519,"comment_status":"closed","ping_status":"open","sticky":false,"template":"","format":"standard","meta":{"_lmt_disableupdate":"","_lmt_disable":"","_jetpack_memberships_contains_paid_content":false,"footnotes":""},"categories":[109,47],"tags":[148],"class_list":["post-76518","post","type-post","status-publish","format-standard","has-post-thumbnail","hentry","category-minuto-a-minuto","category-zona-gris","tag-oaxaca-de-juarez"],"jetpack_featured_media_url":"https:\/\/zonaroja.com.mx\/wp-content\/uploads\/2025\/01\/Golpeado-y-quemado-colonia-Siete-Regiones-Oaxaca-capital.jpg","jetpack_sharing_enabled":true,"_links":{"self":[{"href":"https:\/\/zonaroja.com.mx\/index.php?rest_route=\/wp\/v2\/posts\/76518","targetHints":{"allow":["GET"]}}],"collection":[{"href":"https:\/\/zonaroja.com.mx\/index.php?rest_route=\/wp\/v2\/posts"}],"about":[{"href":"https:\/\/zonaroja.com.mx\/index.php?rest_route=\/wp\/v2\/types\/post"}],"author":[{"embeddable":true,"href":"https:\/\/zonaroja.com.mx\/index.php?rest_route=\/wp\/v2\/users\/2"}],"replies":[{"embeddable":true,"href":"https:\/\/zonaroja.com.mx\/index.php?rest_route=%2Fwp%2Fv2%2Fcomments&post=76518"}],"version-history":[{"count":1,"href":"https:\/\/zonaroja.com.mx\/index.php?rest_route=\/wp\/v2\/posts\/76518\/revisions"}],"predecessor-version":[{"id":76520,"href":"https:\/\/zonaroja.com.mx\/index.php?rest_route=\/wp\/v2\/posts\/76518\/revisions\/76520"}],"wp:featuredmedia":[{"embeddable":true,"href":"https:\/\/zonaroja.com.mx\/index.php?rest_route=\/wp\/v2\/media\/76519"}],"wp:attachment":[{"href":"https:\/\/zonaroja.com.mx\/index.php?rest_route=%2Fwp%2Fv2%2Fmedia&parent=76518"}],"wp:term":[{"taxonomy":"category","embeddable":true,"href":"https:\/\/zonaroja.com.mx\/index.php?rest_route=%2Fwp%2Fv2%2Fcategories&post=76518"},{"taxonomy":"post_tag","embeddable":true,"href":"https:\/\/zonaroja.com.mx\/index.php?rest_route=%2Fwp%2Fv2%2Ftags&post=76518"}],"curies":[{"name":"wp","href":"https:\/\/api.w.org\/{rel}","templated":true}]}}