{"id":76521,"date":"2025-01-15T20:58:32","date_gmt":"2025-01-16T02:58:32","guid":{"rendered":"https:\/\/zonaroja.com.mx\/?p=76521"},"modified":"2025-05-12T05:16:18","modified_gmt":"2025-05-12T11:16:18","slug":"acuerdan-israel-y-hamas-un-cese-al-fuego-e-intercambio-de-rehenes","status":"publish","type":"post","link":"https:\/\/zonaroja.com.mx\/?p=76521","title":{"rendered":"Acuerdan Israel y Hamas un cese al fuego e intercambio de rehenes"},"content":{"rendered":"\n<p>Redacci\u00f3n\/Zona Roja Cdmx.<\/p>\n\n\n\n<p>Ciudad de M\u00e9xico, a 15 de enero de 2025.- Israel y Hamas llegaron a un acuerdo de cese al fuego, anunciaron mediadores el mi\u00e9rcoles, tras un conflicto devastador de 15 meses en la Franja de Gaza que ha dejado miles de muertos y desplazados. Este pacto podr\u00eda marcar el inicio del fin de los combates m\u00e1s mortales y destructivos entre ambos bandos.<\/p>\n\n\n\n<p>El acuerdo incluye la liberaci\u00f3n gradual de decenas de rehenes en manos del grupo palestino, as\u00ed como la excarcelaci\u00f3n de cientos de prisioneros palestinos retenidos en Israel.&nbsp;<\/p>\n\n\n\n<p>Adem\u00e1s, se permitir\u00e1 el retorno de cientos de miles de desplazados internos en Gaza a lo que queda de sus hogares y se facilitar\u00e1 el ingreso de ayuda humanitaria al territorio, gravemente afectado.<\/p>\n\n\n\n<p>El acuerdo, fruto de semanas de negociaciones en Doha, a\u00fan necesita la aprobaci\u00f3n del gabinete israel\u00ed encabezado por el primer ministro Benjamin Netanyahu, aunque se espera que entre en vigor en los pr\u00f3ximos d\u00edas.<\/p>\n\n\n\n<p>El pacto inicial contempla un alto al fuego de seis semanas, durante las cuales comenzar\u00e1n negociaciones para un fin definitivo del conflicto. Durante este periodo, 33 de los cerca de 100 rehenes retenidos por Hamas desde octubre de 2023 ser\u00e1n liberados y se reunir\u00e1n con sus familias. No obstante, a\u00fan se desconoce si todos los cautivos est\u00e1n vivos.<\/p>\n\n\n\n<p>Respecto a los desplazados palestinos, no se ha especificado cu\u00e1ntos podr\u00e1n regresar ni cu\u00e1ndo, dado que amplias zonas de Gaza han quedado reducidas a escombros. Tampoco est\u00e1 claro si el acuerdo resultar\u00e1 en una retirada total de las tropas israel\u00edes del enclave, una demanda central de Hamas para liberar al resto de los rehenes.<\/p>\n\n\n\n<p>(Informaci\u00f3n de Infobae M\u00e9xico)<\/p>\n","protected":false},"excerpt":{"rendered":"<p>Redacci\u00f3n\/Zona Roja Cdmx. Ciudad de M\u00e9xico, a 15 de enero de 2025.- Israel y Hamas&hellip;<\/p>\n","protected":false},"author":2,"featured_media":76522,"comment_status":"closed","ping_status":"open","sticky":false,"template":"","format":"standard","meta":{"_lmt_disableupdate":"","_lmt_disable":"","_jetpack_memberships_contains_paid_content":false,"footnotes":""},"categories":[109,47],"tags":[2677],"class_list":["post-76521","post","type-post","status-publish","format-standard","has-post-thumbnail","hentry","category-minuto-a-minuto","category-zona-gris","tag-guerra-israel-y-palestina"],"jetpack_featured_media_url":"https:\/\/zonaroja.com.mx\/wp-content\/uploads\/2025\/01\/Tregua-Israel-y-Hamas.jpeg","jetpack_sharing_enabled":true,"_links":{"self":[{"href":"https:\/\/zonaroja.com.mx\/index.php?rest_route=\/wp\/v2\/posts\/76521","targetHints":{"allow":["GET"]}}],"collection":[{"href":"https:\/\/zonaroja.com.mx\/index.php?rest_route=\/wp\/v2\/posts"}],"about":[{"href":"https:\/\/zonaroja.com.mx\/index.php?rest_route=\/wp\/v2\/types\/post"}],"author":[{"embeddable":true,"href":"https:\/\/zonaroja.com.mx\/index.php?rest_route=\/wp\/v2\/users\/2"}],"replies":[{"embeddable":true,"href":"https:\/\/zonaroja.com.mx\/index.php?rest_route=%2Fwp%2Fv2%2Fcomments&post=76521"}],"version-history":[{"count":1,"href":"https:\/\/zonaroja.com.mx\/index.php?rest_route=\/wp\/v2\/posts\/76521\/revisions"}],"predecessor-version":[{"id":76523,"href":"https:\/\/zonaroja.com.mx\/index.php?rest_route=\/wp\/v2\/posts\/76521\/revisions\/76523"}],"wp:featuredmedia":[{"embeddable":true,"href":"https:\/\/zonaroja.com.mx\/index.php?rest_route=\/wp\/v2\/media\/76522"}],"wp:attachment":[{"href":"https:\/\/zonaroja.com.mx\/index.php?rest_route=%2Fwp%2Fv2%2Fmedia&parent=76521"}],"wp:term":[{"taxonomy":"category","embeddable":true,"href":"https:\/\/zonaroja.com.mx\/index.php?rest_route=%2Fwp%2Fv2%2Fcategories&post=76521"},{"taxonomy":"post_tag","embeddable":true,"href":"https:\/\/zonaroja.com.mx\/index.php?rest_route=%2Fwp%2Fv2%2Ftags&post=76521"}],"curies":[{"name":"wp","href":"https:\/\/api.w.org\/{rel}","templated":true}]}}