{"id":76524,"date":"2025-01-15T21:52:47","date_gmt":"2025-01-16T03:52:47","guid":{"rendered":"https:\/\/zonaroja.com.mx\/?p=76524"},"modified":"2025-01-15T21:52:49","modified_gmt":"2025-01-16T03:52:49","slug":"en-dia-de-comparecencia-registra-oaxaca-seis-protestas","status":"publish","type":"post","link":"https:\/\/zonaroja.com.mx\/?p=76524","title":{"rendered":"En d\u00eda de comparecencia, registra Oaxaca seis protestas"},"content":{"rendered":"\n<p>Raymundo Morales\/Zona Roja.<\/p>\n\n\n\n<p>Oaxaca de Ju\u00e1rez, Oax., a 15 de enero de 2025.- En el segundo d\u00eda de la semana y el inicio de la glosa del Segundo Informe de Gobierno, Oaxaca registr\u00f3 al menos seis protestas y bloqueo de vialidades.<\/p>\n\n\n\n<p>El primer caso ocurri\u00f3 en la regi\u00f3n del Istmo, en que padres de familia de la escuela primaria \u201cRicardo Flores Mag\u00f3n\u201d del fraccionamiento Tagolaba, cerraron el acceso a Tehuantepec, a la altura del puente de fierro.<\/p>\n\n\n\n<p>Ello para exigir la intervenci\u00f3n de las autoridades federales y estatales ante el elevado cobro del servicio de energ\u00eda el\u00e9ctrica en el plantel; tras di\u00e1logo y el compromiso de atender la situaci\u00f3n, se retiraron.<\/p>\n\n\n\n<p>En tanto, a las instalaciones gubernamentales en Ciudad Judicial, agencia de Reyes Mantec\u00f3n, arribaron pobladores de San Pedro Ocotepec Mixe, para exigir la liberaci\u00f3n de tres de sus autoridades municipales, acusadas de diversos delitos; hasta esta noche contin\u00faan en la zona.<\/p>\n\n\n\n<p>Alrededor del mediod\u00eda, habitantes de la agencia municipal de Pueblo Nuevo arribaron al z\u00f3calo de la capital, para denunciar que un presunto decreto emitido por el Gobierno del Estado pretende despojarlos de predios.<\/p>\n\n\n\n<p>Luego de protestar por unos minutos en los accesos al Palacio de Gobierno, una comisi\u00f3n fue recibida por funcionarios estatales.<\/p>\n\n\n\n<p>A la par, un reducido grupo de bur\u00f3cratas despedidos protest\u00f3 de nuevo, para denunciar el abandono de la dirigencia sindical que encabeza Pedro Villalobos Castillejos, en la lucha por recuperar su plaza laboral.<\/p>\n\n\n\n<p>Mientras que en la supercarretera Oaxaca-Puerto Escondido, a la altura del kil\u00f3metro 39 del tramo Barranca Larga Ventanilla, durante todo el d\u00eda se mantuvo un bloqueo tras un conflicto entre transportistas.<\/p>\n\n\n\n<p>Por la tarde, colonos de Santa Cruz Xoxocotl\u00e1n y San Antonio de la Cal se manifestaron en el z\u00f3calo, luego de haber sido retirados ayer con violencia por un grupo de choque, en el bloqueo que manten\u00edan en la avenida S\u00edmbolos Patrios.<\/p>\n\n\n\n<p>Reiteraron que continuar\u00e1n su lucha para impedir la instalaci\u00f3n de un centro de transferencia de basura, en jurisdicci\u00f3n de Xoxocotl\u00e1n, y que, seg\u00fan consideran, causar\u00e1 afectaciones a varios asentamientos.<\/p>\n","protected":false},"excerpt":{"rendered":"<p>Raymundo Morales\/Zona Roja. Oaxaca de Ju\u00e1rez, Oax., a 15 de enero de 2025.- En el&hellip;<\/p>\n","protected":false},"author":2,"featured_media":76525,"comment_status":"closed","ping_status":"open","sticky":false,"template":"","format":"standard","meta":{"_lmt_disableupdate":"","_lmt_disable":"","_jetpack_memberships_contains_paid_content":false,"footnotes":""},"categories":[1],"tags":[],"class_list":["post-76524","post","type-post","status-publish","format-standard","has-post-thumbnail","hentry","category-sin-categoria"],"jetpack_featured_media_url":"https:\/\/zonaroja.com.mx\/wp-content\/uploads\/2025\/01\/Protestas-y-bloqueos-Oaxaca.jpg","jetpack_sharing_enabled":true,"_links":{"self":[{"href":"https:\/\/zonaroja.com.mx\/index.php?rest_route=\/wp\/v2\/posts\/76524","targetHints":{"allow":["GET"]}}],"collection":[{"href":"https:\/\/zonaroja.com.mx\/index.php?rest_route=\/wp\/v2\/posts"}],"about":[{"href":"https:\/\/zonaroja.com.mx\/index.php?rest_route=\/wp\/v2\/types\/post"}],"author":[{"embeddable":true,"href":"https:\/\/zonaroja.com.mx\/index.php?rest_route=\/wp\/v2\/users\/2"}],"replies":[{"embeddable":true,"href":"https:\/\/zonaroja.com.mx\/index.php?rest_route=%2Fwp%2Fv2%2Fcomments&post=76524"}],"version-history":[{"count":1,"href":"https:\/\/zonaroja.com.mx\/index.php?rest_route=\/wp\/v2\/posts\/76524\/revisions"}],"predecessor-version":[{"id":76526,"href":"https:\/\/zonaroja.com.mx\/index.php?rest_route=\/wp\/v2\/posts\/76524\/revisions\/76526"}],"wp:featuredmedia":[{"embeddable":true,"href":"https:\/\/zonaroja.com.mx\/index.php?rest_route=\/wp\/v2\/media\/76525"}],"wp:attachment":[{"href":"https:\/\/zonaroja.com.mx\/index.php?rest_route=%2Fwp%2Fv2%2Fmedia&parent=76524"}],"wp:term":[{"taxonomy":"category","embeddable":true,"href":"https:\/\/zonaroja.com.mx\/index.php?rest_route=%2Fwp%2Fv2%2Fcategories&post=76524"},{"taxonomy":"post_tag","embeddable":true,"href":"https:\/\/zonaroja.com.mx\/index.php?rest_route=%2Fwp%2Fv2%2Ftags&post=76524"}],"curies":[{"name":"wp","href":"https:\/\/api.w.org\/{rel}","templated":true}]}}