{"id":76531,"date":"2025-01-16T08:15:00","date_gmt":"2025-01-16T14:15:00","guid":{"rendered":"https:\/\/zonaroja.com.mx\/?p=76531"},"modified":"2025-01-16T06:37:52","modified_gmt":"2025-01-16T12:37:52","slug":"rechazan-saqueo-en-hospital-civil-es-renovacion-de-equipo","status":"publish","type":"post","link":"https:\/\/zonaroja.com.mx\/?p=76531","title":{"rendered":"Rechazan saqueo en Hospital Civil; es renovaci\u00f3n de equipo"},"content":{"rendered":"\n<p>Raymundo Morales\/Zona Roja.<\/p>\n\n\n\n<p>Oaxaca de Ju\u00e1rez, Oax., a 16 de enero de 2025.- Tras la difusi\u00f3n de videos sobre presunto saqueo o retiro de equipos en el Hospital Civil de Oaxaca, el IMSS-Bienestar precis\u00f3 que se trata de una sustituci\u00f3n por unidades modernas y de mayor capacidad.<\/p>\n\n\n\n<p>La instituci\u00f3n federal neg\u00f3 que se haya desmantelado el \u00e1rea y que, en consecuencia, se cancelaran los&nbsp;servicios de an\u00e1lisis cl\u00ednicos a la poblaci\u00f3n; como se difundi\u00f3 en redes sociales y en algunos medios.<\/p>\n\n\n\n<p>\u201cNo es que se cancele alg\u00fan servicio, solo es el cambio por un equipamiento con mejor tecnolog\u00eda, que pueda cubrir, inclusive, un mayor n\u00famero de pruebas de laboratorio de la cartera b\u00e1sica que ya se ten\u00eda\u201d, dijo en un comunicado.&nbsp;<\/p>\n\n\n\n<p>\u201cLos servicios que se les est\u00e1n otorgando,&nbsp;en s\u00ed,&nbsp;no han sido suspendidos, nuestros compa\u00f1eros contin\u00faan laborando, se han realizado cirug\u00edas que requieren de estudios de laboratorio previos para poder entrar&nbsp;(al quir\u00f3fano)&nbsp;y se han seguido realizado\u201d, agreg\u00f3.&nbsp;<\/p>\n\n\n\n<p>Algunos usuarios de redes sociales compartieron fotograf\u00edas y videos, en las que se muestra el retiro de equipo de laboratorio del Hospital Civil,&nbsp;por el supuesto vencimiento del contrato con la empresa propietaria que daba ese servicio.<\/p>\n\n\n\n<p>Al respecto, el IMSS-Bienestar&nbsp;afirm\u00f3 que no hay problema con los contratos, los cuales est\u00e1n debidamente establecidos.&nbsp;<\/p>\n\n\n\n<p>Abund\u00f3 que, como parte de la&nbsp;transici\u00f3n a los servicios p\u00fablicos&nbsp;, se est\u00e1n&nbsp;reemplazando&nbsp;los equipos obsoletos y que no cumplen con la normatividad sanitaria del pa\u00eds, para garantizar un servicio de calidad a las y los oaxaque\u00f1os.&nbsp;<\/p>\n\n\n\n<p>En el caso espec\u00edfico del nosocomio \u201cDr. Aurelio Valdivieso\u201d, adelant\u00f3 que el pr\u00f3ximo s\u00e1bado, estar\u00e1n&nbsp;instaladas&nbsp;las nuevas m\u00e1quinas de laboratorio.&nbsp;<\/p>\n\n\n\n<p>\u201cEs&nbsp;prioridad&nbsp;del IMSS-Bienestar garantizar todos los estudios de laboratorio.&nbsp;Esto es para una mejora, es para que la poblaci\u00f3n tenga mejores estudios de laboratorio y, en general, mejores servicios de salud\u201d, detall\u00f3.<\/p>\n\n\n\n<p>Reiter\u00f3 que, en tanto se realiza este cambio de equipo, los servicios de laboratorio no se suspenden.<\/p>\n\n\n\n<p>\u201cLos hospitales pueden hacer en sitio las pruebas de laboratorio, en una unidad concentradora y se llevar\u00e1n a un laboratorio de referencia para dar cumplimiento a la continuidad de dar el servicio de salud\u201d, a\u00f1adi\u00f3.&nbsp;&nbsp;<\/p>\n\n\n\n<p>Algunos de los equipos retirados del Hospital Civil, son:&nbsp;refrigeradores que ya no cumpl\u00edan adecuadamente con su funci\u00f3n,&nbsp;y&nbsp;centr\u00edfugas que&nbsp;daban servicios&nbsp;muy&nbsp;b\u00e1sicos.&nbsp;<\/p>\n","protected":false},"excerpt":{"rendered":"<p>Raymundo Morales\/Zona Roja. Oaxaca de Ju\u00e1rez, Oax., a 16 de enero de 2025.- Tras la&hellip;<\/p>\n","protected":false},"author":2,"featured_media":76532,"comment_status":"closed","ping_status":"open","sticky":false,"template":"","format":"standard","meta":{"_lmt_disableupdate":"","_lmt_disable":"","_jetpack_memberships_contains_paid_content":false,"footnotes":""},"categories":[109,47],"tags":[781],"class_list":["post-76531","post","type-post","status-publish","format-standard","has-post-thumbnail","hentry","category-minuto-a-minuto","category-zona-gris","tag-hospital-civil-dr-aurelio-valdivieso-de-oaxaca"],"jetpack_featured_media_url":"https:\/\/zonaroja.com.mx\/wp-content\/uploads\/2025\/01\/Equipamiento-Hospital-Civil.jpg","jetpack_sharing_enabled":true,"_links":{"self":[{"href":"https:\/\/zonaroja.com.mx\/index.php?rest_route=\/wp\/v2\/posts\/76531","targetHints":{"allow":["GET"]}}],"collection":[{"href":"https:\/\/zonaroja.com.mx\/index.php?rest_route=\/wp\/v2\/posts"}],"about":[{"href":"https:\/\/zonaroja.com.mx\/index.php?rest_route=\/wp\/v2\/types\/post"}],"author":[{"embeddable":true,"href":"https:\/\/zonaroja.com.mx\/index.php?rest_route=\/wp\/v2\/users\/2"}],"replies":[{"embeddable":true,"href":"https:\/\/zonaroja.com.mx\/index.php?rest_route=%2Fwp%2Fv2%2Fcomments&post=76531"}],"version-history":[{"count":1,"href":"https:\/\/zonaroja.com.mx\/index.php?rest_route=\/wp\/v2\/posts\/76531\/revisions"}],"predecessor-version":[{"id":76533,"href":"https:\/\/zonaroja.com.mx\/index.php?rest_route=\/wp\/v2\/posts\/76531\/revisions\/76533"}],"wp:featuredmedia":[{"embeddable":true,"href":"https:\/\/zonaroja.com.mx\/index.php?rest_route=\/wp\/v2\/media\/76532"}],"wp:attachment":[{"href":"https:\/\/zonaroja.com.mx\/index.php?rest_route=%2Fwp%2Fv2%2Fmedia&parent=76531"}],"wp:term":[{"taxonomy":"category","embeddable":true,"href":"https:\/\/zonaroja.com.mx\/index.php?rest_route=%2Fwp%2Fv2%2Fcategories&post=76531"},{"taxonomy":"post_tag","embeddable":true,"href":"https:\/\/zonaroja.com.mx\/index.php?rest_route=%2Fwp%2Fv2%2Ftags&post=76531"}],"curies":[{"name":"wp","href":"https:\/\/api.w.org\/{rel}","templated":true}]}}