{"id":76534,"date":"2025-01-16T08:37:00","date_gmt":"2025-01-16T14:37:00","guid":{"rendered":"https:\/\/zonaroja.com.mx\/?p=76534"},"modified":"2025-01-16T07:12:34","modified_gmt":"2025-01-16T13:12:34","slug":"violencia-incesante-en-el-istmo-un-baleado-en-juchitan","status":"publish","type":"post","link":"https:\/\/zonaroja.com.mx\/?p=76534","title":{"rendered":"Violencia incesante en el Istmo: un baleado en Juchit\u00e1n"},"content":{"rendered":"\n<p>Raymundo Morales\/Zona Roja.<\/p>\n\n\n\n<p>Oaxaca de Ju\u00e1rez, Oax., a 16 de enero de 2026.- Una persona del sexo masculino se debate entre la vida y la muerte, tras ser baleada anoche en el municipio de Juchit\u00e1n de Zaragoza.<\/p>\n\n\n\n<p>La agresi\u00f3n armada ocurri\u00f3 cerca de las 20:00 horas en el callej\u00f3n Pescadores de la S\u00e9ptima Secci\u00f3n, cuando la v\u00edctima transitaba en su motocicleta rumbo a su domicilio.<\/p>\n\n\n\n<p>A\u00fan se desconocen las causas por las cuales fue agredido y a falta de polic\u00edas municipales en la zona, el o los delincuentes huyeron sin problemas.<\/p>\n\n\n\n<p>El hombre, identificado de manera preliminar como Rey R. L., de 28 a\u00f1os de edad, fue atendido por param\u00e9dicos del Heroico Cuerpo de Bomberos y trasladado a un hospital, donde lo reportan grave de salud, ya que presenta varios impactos de bala en el cuerpo.<\/p>\n\n\n\n<p>El hombre tiene su domicilio en en callej\u00f3n Santa Martha de la misma S\u00e9ptima Secci\u00f3n y por el caso la Fiscal\u00eda General del Estado, a trav\u00e9s de la Vicefiscal\u00eda Regional del Istmo, abri\u00f3 una carpeta de investigaci\u00f3n.<\/p>\n","protected":false},"excerpt":{"rendered":"<p>Raymundo Morales\/Zona Roja. Oaxaca de Ju\u00e1rez, Oax., a 16 de enero de 2026.- Una persona&hellip;<\/p>\n","protected":false},"author":2,"featured_media":76535,"comment_status":"closed","ping_status":"open","sticky":false,"template":"","format":"standard","meta":{"_lmt_disableupdate":"","_lmt_disable":"","_jetpack_memberships_contains_paid_content":false,"footnotes":""},"categories":[109,47],"tags":[123],"class_list":["post-76534","post","type-post","status-publish","format-standard","has-post-thumbnail","hentry","category-minuto-a-minuto","category-zona-gris","tag-juchitan-de-zaragoza"],"jetpack_featured_media_url":"https:\/\/zonaroja.com.mx\/wp-content\/uploads\/2025\/01\/Lesionado-de-bala-Juchitan.jpeg","jetpack_sharing_enabled":true,"_links":{"self":[{"href":"https:\/\/zonaroja.com.mx\/index.php?rest_route=\/wp\/v2\/posts\/76534","targetHints":{"allow":["GET"]}}],"collection":[{"href":"https:\/\/zonaroja.com.mx\/index.php?rest_route=\/wp\/v2\/posts"}],"about":[{"href":"https:\/\/zonaroja.com.mx\/index.php?rest_route=\/wp\/v2\/types\/post"}],"author":[{"embeddable":true,"href":"https:\/\/zonaroja.com.mx\/index.php?rest_route=\/wp\/v2\/users\/2"}],"replies":[{"embeddable":true,"href":"https:\/\/zonaroja.com.mx\/index.php?rest_route=%2Fwp%2Fv2%2Fcomments&post=76534"}],"version-history":[{"count":1,"href":"https:\/\/zonaroja.com.mx\/index.php?rest_route=\/wp\/v2\/posts\/76534\/revisions"}],"predecessor-version":[{"id":76536,"href":"https:\/\/zonaroja.com.mx\/index.php?rest_route=\/wp\/v2\/posts\/76534\/revisions\/76536"}],"wp:featuredmedia":[{"embeddable":true,"href":"https:\/\/zonaroja.com.mx\/index.php?rest_route=\/wp\/v2\/media\/76535"}],"wp:attachment":[{"href":"https:\/\/zonaroja.com.mx\/index.php?rest_route=%2Fwp%2Fv2%2Fmedia&parent=76534"}],"wp:term":[{"taxonomy":"category","embeddable":true,"href":"https:\/\/zonaroja.com.mx\/index.php?rest_route=%2Fwp%2Fv2%2Fcategories&post=76534"},{"taxonomy":"post_tag","embeddable":true,"href":"https:\/\/zonaroja.com.mx\/index.php?rest_route=%2Fwp%2Fv2%2Ftags&post=76534"}],"curies":[{"name":"wp","href":"https:\/\/api.w.org\/{rel}","templated":true}]}}