{"id":76540,"date":"2025-01-16T10:57:00","date_gmt":"2025-01-16T16:57:00","guid":{"rendered":"https:\/\/zonaroja.com.mx\/?p=76540"},"modified":"2025-01-16T13:36:57","modified_gmt":"2025-01-16T19:36:57","slug":"amplian-a-valles-centrales-busqueda-de-siete-desaparecidos","status":"publish","type":"post","link":"https:\/\/zonaroja.com.mx\/?p=76540","title":{"rendered":"Suman 8 desaparecidos en la Costa; ampl\u00edan b\u00fasqueda a Valles Centrales"},"content":{"rendered":"\n<p>Redacci\u00f3n\/Zona Roja.<\/p>\n\n\n\n<p>Oaxaca de Ju\u00e1rez, Oax., a 16 enero de 2025.-&nbsp;A ocho aument\u00f3 el n\u00famero de personas desaparecidas en los \u00faltimos d\u00edas, en la regi\u00f3n Costa de Oaxaca. <\/p>\n\n\n\n<p>As\u00ed lo confirm\u00f3 hoy la responsable de la Comisi\u00f3n Estatal de B\u00fasqueda, Michel Juli\u00e1n L\u00f3pez, en conferencia de prensa. <\/p>\n\n\n\n<p>En tanto, la Fiscal\u00eda General del Estado de Oaxaca (FGEO) extendi\u00f3 las labores de b\u00fasqueda y localizaci\u00f3n de siete personas reportadas como No Localizadas en la regi\u00f3n de Valles Centrales, por lo que implementan operativos que cuentan con un estado de fuerza de m\u00e1s de un centenar de personas.<\/p>\n\n\n\n<p>En este despliegue encabezado por la FGEO participan diferentes \u00e1reas especializadas como la Agencia Estatal de Investigaciones, la Vicefiscal\u00eda General de Atenci\u00f3n a V\u00edctimas, la Unidad de B\u00fasqueda de Personas No Localizadas, Vicefiscal\u00eda Regional de la Costa.<\/p>\n\n\n\n<p>Tambi\u00e9n la Unidad Especializada en Desaparici\u00f3n Forzada, adem\u00e1s de la Unidad de Combate al Secuestro, as\u00ed como personal de la Guardia Nacional, Secretar\u00eda de la Defensa (Defensa), Secretar\u00eda de la Marina y elementos de la Polic\u00eda Estatal.<\/p>\n\n\n\n<p>La Fiscal\u00eda de Oaxaca implementa una estrategia de inteligencia criminal, as\u00ed como en el desarrollo de trabajos de an\u00e1lisis y contexto con el objetivo de analizar los perfiles de cada una de las siete personas no localizadas, para contar con informaci\u00f3n que permita detectar riesgos derivados de sus labores cotidianas, as\u00ed como de las zonas y entornos en los que se desenvolv\u00edan, pues esta informaci\u00f3n permite el establecimiento de directrices para la realizaci\u00f3n de las acciones de b\u00fasqueda y localizaci\u00f3n.<\/p>\n\n\n\n<p>El organismo aut\u00f3nomo detall\u00f3 que estas acciones y operativos coordinados en las regiones de la Costa y Valles Centrales, busca ampliar las posibilidades de obtener datos e informaci\u00f3n que conduzca a la localizaci\u00f3n de las personas reportadas como No Localizadas.<\/p>\n\n\n\n<p>Las denuncias sobre la no localizaci\u00f3n de las siete personas las recibi\u00f3 la FGEO entre el 11 y 14 de enero, los familiares de las v\u00edctimas indicaron que fueron vistos por \u00faltima vez en diferentes puntos de la regi\u00f3n de Valles Centrales.<\/p>\n\n\n\n<p>La Fiscal\u00eda General del Estado de Oaxaca aplica procesos de investigaci\u00f3n multidisciplinarios y apegados a los est\u00e1ndares de los protocolos de b\u00fasqueda de personas, adem\u00e1s realiza todas las acciones necesarias que permitan dar con el paradero de las v\u00edctimas.<\/p>\n","protected":false},"excerpt":{"rendered":"<p>Redacci\u00f3n\/Zona Roja. Oaxaca de Ju\u00e1rez, Oax., a 16 enero de 2025.-&nbsp;A ocho aument\u00f3 el n\u00famero&hellip;<\/p>\n","protected":false},"author":2,"featured_media":76541,"comment_status":"closed","ping_status":"open","sticky":false,"template":"","format":"standard","meta":{"_lmt_disableupdate":"","_lmt_disable":"","_jetpack_memberships_contains_paid_content":false,"footnotes":""},"categories":[109,46],"tags":[494],"class_list":["post-76540","post","type-post","status-publish","format-standard","has-post-thumbnail","hentry","category-minuto-a-minuto","category-zona-blanca","tag-fiscalia-general-del-estado-de-oaxaca"],"jetpack_featured_media_url":"https:\/\/zonaroja.com.mx\/wp-content\/uploads\/2025\/01\/Fiscalia-busqueda-desaparecidos.jpeg","jetpack_sharing_enabled":true,"_links":{"self":[{"href":"https:\/\/zonaroja.com.mx\/index.php?rest_route=\/wp\/v2\/posts\/76540","targetHints":{"allow":["GET"]}}],"collection":[{"href":"https:\/\/zonaroja.com.mx\/index.php?rest_route=\/wp\/v2\/posts"}],"about":[{"href":"https:\/\/zonaroja.com.mx\/index.php?rest_route=\/wp\/v2\/types\/post"}],"author":[{"embeddable":true,"href":"https:\/\/zonaroja.com.mx\/index.php?rest_route=\/wp\/v2\/users\/2"}],"replies":[{"embeddable":true,"href":"https:\/\/zonaroja.com.mx\/index.php?rest_route=%2Fwp%2Fv2%2Fcomments&post=76540"}],"version-history":[{"count":2,"href":"https:\/\/zonaroja.com.mx\/index.php?rest_route=\/wp\/v2\/posts\/76540\/revisions"}],"predecessor-version":[{"id":76547,"href":"https:\/\/zonaroja.com.mx\/index.php?rest_route=\/wp\/v2\/posts\/76540\/revisions\/76547"}],"wp:featuredmedia":[{"embeddable":true,"href":"https:\/\/zonaroja.com.mx\/index.php?rest_route=\/wp\/v2\/media\/76541"}],"wp:attachment":[{"href":"https:\/\/zonaroja.com.mx\/index.php?rest_route=%2Fwp%2Fv2%2Fmedia&parent=76540"}],"wp:term":[{"taxonomy":"category","embeddable":true,"href":"https:\/\/zonaroja.com.mx\/index.php?rest_route=%2Fwp%2Fv2%2Fcategories&post=76540"},{"taxonomy":"post_tag","embeddable":true,"href":"https:\/\/zonaroja.com.mx\/index.php?rest_route=%2Fwp%2Fv2%2Ftags&post=76540"}],"curies":[{"name":"wp","href":"https:\/\/api.w.org\/{rel}","templated":true}]}}