{"id":76543,"date":"2025-01-16T12:02:00","date_gmt":"2025-01-16T18:02:00","guid":{"rendered":"https:\/\/zonaroja.com.mx\/?p=76543"},"modified":"2025-01-16T08:05:58","modified_gmt":"2025-01-16T14:05:58","slug":"alerta-biden-de-la-gestacion-de-una-oligarquia-de-millonarios-en-eu","status":"publish","type":"post","link":"https:\/\/zonaroja.com.mx\/?p=76543","title":{"rendered":"Alerta Biden de la gestaci\u00f3n de una oligarqu\u00eda de millonarios en EU"},"content":{"rendered":"\n<p>Redacci\u00f3n\/Zona Roja Cdmx.<\/p>\n\n\n\n<p>Ciudad de M\u00e9xico, a 16 de diciembre de 2025.- El presidente de Estados Unidos, Joe Biden, asegur\u00f3 este mi\u00e9rcoles, en su discurso de despedida desde la Casa Blanca a cinco d\u00edas de abandonar el poder, que \u201cse est\u00e1 gestando una oligarqu\u00eda\u201d en su pa\u00eds.<\/p>\n\n\n\n<p>\u201cEn estos momentos, se est\u00e1 gestando una oligarqu\u00eda en Estados Unidos construida sobre una concentraci\u00f3n extrema de riqueza, poder e influencia\u201d, afirm\u00f3 Biden desde el Despacho Oval de la Casa Blanca.<\/p>\n\n\n\n<p>El mandatario saliente se confes\u00f3 \u201cprofundamente preocupado\u201d por lo que defini\u00f3 como una \u201cpeligrosa concentraci\u00f3n de poder en manos de unos pocos individuos ultraricos\u201c.<\/p>\n\n\n\n<p>\u201cSi el abuso de ese poder no se detiene ahora, las consecuencias ser\u00e1n graves\u201d, a\u00f1adi\u00f3 en su discurso.<\/p>\n\n\n\n<p>Esta oligarqu\u00eda emergente -advirti\u00f3 Biden- \u201camenaza directamente nuestra democracia, los derechos y libertades fundamentales, y la igualdad de oportunidades para que todos puedan avanzar\u201d.<\/p>\n\n\n\n<p>Biden, de 81 a\u00f1os, se despidi\u00f3 con este discurso tras cumplir con un solo mandato en la Casa Blanca que quedar\u00e1 en la historia encapsulado entre los dos periodos de Donald Trump, al que no cit\u00f3 este mi\u00e9rcoles, pero al que aludi\u00f3 en varios puntos.<\/p>\n\n\n\n<p>\u201cEl poder del presidente no es ilimitado, no debe serlo, y en una democracia, la concentraci\u00f3n de poder y riqueza tambi\u00e9n representa un gran peligro\u201c, dijo.<\/p>\n\n\n\n<p>\u201cSocava -a\u00f1adi\u00f3- el sentido de unidad y prop\u00f3sito com\u00fan, genera desconfianza y divisi\u00f3n. Participar en nuestra democracia se vuelve agotador, incluso desilusionante, y la gente siente que no tiene oportunidades\u201d.<\/p>\n\n\n\n<p>\u201cSemillas plantadas\u201d<\/p>\n\n\n\n<p>Biden tambi\u00e9n aprovech\u00f3 esta oportunidad, una de las \u00faltimas que tendr\u00e1 de hablar en p\u00fablico como presidente, para hacer balance de su gesti\u00f3n en los \u00faltimos cuatro a\u00f1os.<\/p>\n\n\n\n<p>\u201cSabemos que llevar\u00e1 tiempo sentir el verdadero impacto de todo lo que hemos logrado juntos, pero las semillas est\u00e1n plantadas, y con el tiempo crecer\u00e1n y dar\u00e1n frutos durante d\u00e9cadas\u201d, afirm\u00f3.<\/p>\n\n\n\n<p>Biden cit\u00f3 la creaci\u00f3n de empleo, el acuerdo de alto al fuego para Gaza, el fortalecimiento de la OTAN, la puesta al d\u00eda en la competencia con China y \u201cmucho m\u00e1s\u201d.<\/p>\n\n\n\n<p>El mandatario, que el pr\u00f3ximo lunes, 20 de enero, entregar\u00e1 el mando a Trump, hizo un llamado al pueblo estadounidense a \u201cser guardianes\u201d y \u201cmantener la fe\u201d en el pa\u00eds.<\/p>\n\n\n\n<p>\u201cTodav\u00eda creo en la idea por la que esta naci\u00f3n existe, una naci\u00f3n donde la fortaleza de nuestras instituciones y el car\u00e1cter de nuestra gente importan y deben perdurar\u201d, dijo<\/p>\n\n\n\n<p>\u201cAhora es su responsabilidad estar de guardia. Que todos ustedes sean los guardianes de la llama. Que mantengan la fe\u201d, afirm\u00f3.<\/p>\n\n\n\n<p>(Con informaci\u00f3n de EFE, en L\u00f3pez-D\u00f3riga Digital)<\/p>\n","protected":false},"excerpt":{"rendered":"<p>Redacci\u00f3n\/Zona Roja Cdmx. Ciudad de M\u00e9xico, a 16 de diciembre de 2025.- El presidente de&hellip;<\/p>\n","protected":false},"author":2,"featured_media":65178,"comment_status":"closed","ping_status":"open","sticky":false,"template":"","format":"standard","meta":{"_lmt_disableupdate":"","_lmt_disable":"","_jetpack_memberships_contains_paid_content":false,"footnotes":""},"categories":[109,47],"tags":[2347],"class_list":["post-76543","post","type-post","status-publish","format-standard","has-post-thumbnail","hentry","category-minuto-a-minuto","category-zona-gris","tag-joe-biden"],"jetpack_featured_media_url":"https:\/\/zonaroja.com.mx\/wp-content\/uploads\/2024\/02\/Joe-Biden-.jpeg","jetpack_sharing_enabled":true,"_links":{"self":[{"href":"https:\/\/zonaroja.com.mx\/index.php?rest_route=\/wp\/v2\/posts\/76543","targetHints":{"allow":["GET"]}}],"collection":[{"href":"https:\/\/zonaroja.com.mx\/index.php?rest_route=\/wp\/v2\/posts"}],"about":[{"href":"https:\/\/zonaroja.com.mx\/index.php?rest_route=\/wp\/v2\/types\/post"}],"author":[{"embeddable":true,"href":"https:\/\/zonaroja.com.mx\/index.php?rest_route=\/wp\/v2\/users\/2"}],"replies":[{"embeddable":true,"href":"https:\/\/zonaroja.com.mx\/index.php?rest_route=%2Fwp%2Fv2%2Fcomments&post=76543"}],"version-history":[{"count":1,"href":"https:\/\/zonaroja.com.mx\/index.php?rest_route=\/wp\/v2\/posts\/76543\/revisions"}],"predecessor-version":[{"id":76544,"href":"https:\/\/zonaroja.com.mx\/index.php?rest_route=\/wp\/v2\/posts\/76543\/revisions\/76544"}],"wp:featuredmedia":[{"embeddable":true,"href":"https:\/\/zonaroja.com.mx\/index.php?rest_route=\/wp\/v2\/media\/65178"}],"wp:attachment":[{"href":"https:\/\/zonaroja.com.mx\/index.php?rest_route=%2Fwp%2Fv2%2Fmedia&parent=76543"}],"wp:term":[{"taxonomy":"category","embeddable":true,"href":"https:\/\/zonaroja.com.mx\/index.php?rest_route=%2Fwp%2Fv2%2Fcategories&post=76543"},{"taxonomy":"post_tag","embeddable":true,"href":"https:\/\/zonaroja.com.mx\/index.php?rest_route=%2Fwp%2Fv2%2Ftags&post=76543"}],"curies":[{"name":"wp","href":"https:\/\/api.w.org\/{rel}","templated":true}]}}