{"id":76548,"date":"2025-01-16T16:51:18","date_gmt":"2025-01-16T22:51:18","guid":{"rendered":"https:\/\/zonaroja.com.mx\/?p=76548"},"modified":"2025-01-16T16:51:20","modified_gmt":"2025-01-16T22:51:20","slug":"reportan-la-desaparicion-de-fotorreportero-chiapaneco","status":"publish","type":"post","link":"https:\/\/zonaroja.com.mx\/?p=76548","title":{"rendered":"Reportan la desaparici\u00f3n de fotorreportero chiapaneco"},"content":{"rendered":"\n<p>Redacci\u00f3n\/Zona Roja Cdmx.<\/p>\n\n\n\n<p>Ciudad de M\u00e9xico, a 16 de enero de 2025.- La Comisi\u00f3n de B\u00fasqueda de la Ciudad de M\u00e9xico difundi\u00f3 la desaparici\u00f3n del fotoperiodista chiapaneco Moys\u00e9s Z\u00fa\u00f1iga Santiago, quien fue visto por \u00faltima vez el 15 de enero de 2025 en la Alameda Central, de la alcald\u00eda Cuauht\u00e9moc.<\/p>\n\n\n\n<p>Familiares y amigos del comunicador originario de San Crist\u00f3bal de las Casas pidieron la colaboraci\u00f3n para localizarlo y reportaron que lo \u00faltimo que se supo de \u00e9l fue el d\u00eda martes 14 de enero.<\/p>\n\n\n\n<p>\u201cConfiamos se comunique pronto aunque agradecemos cualquier informaci\u00f3n inbox. Moy te queremos, comun\u00edcate pro\u201d, public\u00f3 la hermana del fotoperiodista de 45 a\u00f1os de edad, Anny Z\u00fa\u00f1iga, en una publicaci\u00f3n en redes sociales.<\/p>\n\n\n\n<p>De acuerdo con la ficha de b\u00fasqueda emitida por la Comisi\u00f3n de B\u00fasqueda capitalina, Zu\u00f1iga Santiago es de tez morena clara, frente media, boca mediana, cejas pobladas, tiene ojos caf\u00e9 oscuros medianos y su pelo es negro ondulado.<\/p>\n\n\n\n<p>(Informaci\u00f3n de \u201cLa Jornada\u201d)<\/p>\n","protected":false},"excerpt":{"rendered":"<p>Redacci\u00f3n\/Zona Roja Cdmx. Ciudad de M\u00e9xico, a 16 de enero de 2025.- La Comisi\u00f3n de&hellip;<\/p>\n","protected":false},"author":2,"featured_media":76549,"comment_status":"closed","ping_status":"open","sticky":false,"template":"","format":"standard","meta":{"_lmt_disableupdate":"","_lmt_disable":"","_jetpack_memberships_contains_paid_content":false,"footnotes":""},"categories":[109,46],"tags":[4164],"class_list":["post-76548","post","type-post","status-publish","format-standard","has-post-thumbnail","hentry","category-minuto-a-minuto","category-zona-blanca","tag-moyses-zuniga"],"jetpack_featured_media_url":"https:\/\/zonaroja.com.mx\/wp-content\/uploads\/2025\/01\/Fotorreportero-Moyses-Zuniga.webp","jetpack_sharing_enabled":true,"_links":{"self":[{"href":"https:\/\/zonaroja.com.mx\/index.php?rest_route=\/wp\/v2\/posts\/76548","targetHints":{"allow":["GET"]}}],"collection":[{"href":"https:\/\/zonaroja.com.mx\/index.php?rest_route=\/wp\/v2\/posts"}],"about":[{"href":"https:\/\/zonaroja.com.mx\/index.php?rest_route=\/wp\/v2\/types\/post"}],"author":[{"embeddable":true,"href":"https:\/\/zonaroja.com.mx\/index.php?rest_route=\/wp\/v2\/users\/2"}],"replies":[{"embeddable":true,"href":"https:\/\/zonaroja.com.mx\/index.php?rest_route=%2Fwp%2Fv2%2Fcomments&post=76548"}],"version-history":[{"count":1,"href":"https:\/\/zonaroja.com.mx\/index.php?rest_route=\/wp\/v2\/posts\/76548\/revisions"}],"predecessor-version":[{"id":76550,"href":"https:\/\/zonaroja.com.mx\/index.php?rest_route=\/wp\/v2\/posts\/76548\/revisions\/76550"}],"wp:featuredmedia":[{"embeddable":true,"href":"https:\/\/zonaroja.com.mx\/index.php?rest_route=\/wp\/v2\/media\/76549"}],"wp:attachment":[{"href":"https:\/\/zonaroja.com.mx\/index.php?rest_route=%2Fwp%2Fv2%2Fmedia&parent=76548"}],"wp:term":[{"taxonomy":"category","embeddable":true,"href":"https:\/\/zonaroja.com.mx\/index.php?rest_route=%2Fwp%2Fv2%2Fcategories&post=76548"},{"taxonomy":"post_tag","embeddable":true,"href":"https:\/\/zonaroja.com.mx\/index.php?rest_route=%2Fwp%2Fv2%2Ftags&post=76548"}],"curies":[{"name":"wp","href":"https:\/\/api.w.org\/{rel}","templated":true}]}}