{"id":7655,"date":"2020-01-14T09:16:03","date_gmt":"2020-01-14T15:16:03","guid":{"rendered":"http:\/\/www.zonaroja.com.mx\/?p=7655"},"modified":"2020-01-14T09:16:22","modified_gmt":"2020-01-14T15:16:22","slug":"detienen-a-abuelo-de-nino-que-disparo-en-colegio-de-torreon","status":"publish","type":"post","link":"https:\/\/zonaroja.com.mx\/?p=7655","title":{"rendered":"Detienen a abuelo de ni\u00f1o que dispar\u00f3 en colegio de Torre\u00f3n"},"content":{"rendered":"\n<p>Redacci\u00f3n\/Zona\nRoja Cdmx.<\/p>\n\n\n\n<p>Ciudad de\nM\u00e9xico, 14 de enero de 2020.- La Fiscal\u00eda General del Estado (FGE) de Coahuila ejecut\u00f3\nayer una orden de aprehensi\u00f3n contra el abuelo del estudiante de 11 a\u00f1os que\ndispar\u00f3 y mat\u00f3 a una maestra y lesion\u00f3 a otras seis personas antes de\nsuicidarse en un colegio de Torre\u00f3n.<\/p>\n\n\n\n<p>La instancia\ninform\u00f3 que el imputado, de aproximadamente 60 a\u00f1os de edad, ya fue detenido e\ningresado al penal de Torre\u00f3n y buscar\u00e1 imputarle la comisi\u00f3n por omisi\u00f3n del\nhomicidio doloso de la maestra Mar\u00eda Assaf Medina, pues se considera que fall\u00f3\nen resguardar adecuadamente las armas con las que el menor perpetr\u00f3 el tiroteo.<\/p>\n\n\n\n<p>Una vez que\nse celebre la audiencia inicial, la FGE buscar\u00e1 que el imputado sea vinculado a\nproceso y a partir de ah\u00ed empezar\u00e1 el proceso de investigaci\u00f3n para aportar los\ndatos de prueba que sostengan la pesquisa.<\/p>\n\n\n\n<p>La pena que\npodr\u00eda alcanzar el abuelo del menor por la presunta falta que cometi\u00f3, podr\u00eda\nser de hasta 35 a\u00f1os de prisi\u00f3n, en caso de que se compruebe y se determine su\nresponsabilidad.<\/p>\n\n\n\n<p>Horas antes\ndel arresto, la Fiscal\u00eda de Coahuila confirm\u00f3 que las dos armas con las que el\nestudiante de sexto grado del Colegio \u201cCervantes\u201d dispar\u00f3 y mat\u00f3 a una maestra\nantes de suicidarse, s\u00ed pertenecen a su abuelo.<\/p>\n\n\n\n<p>Adem\u00e1s, el Gobernador\ndel Estado, Miguel Riquelme Sol\u00eds, afirm\u00f3 que el entorno familiar del menor lo\nllev\u00f3 a perpetrar el tiroteo.<\/p>\n\n\n\n<p>Al dar a\nconocer los avances que se tienen en la investigaci\u00f3n del caso del tiroteo\nocurrido el pasado viernes en el Colegio \u201cCervantes\u201d, que dej\u00f3 dos v\u00edctimas\nmortales y seis heridos, M\u00e1rquez Guevara apunt\u00f3 que, tras realizar m\u00e1s de 25\nentrevistas y catear la vivienda en la que resid\u00eda el menor, se comprob\u00f3 que\nlas pistolas usadas en la balacera, de calibres .40 y .25, pertenecen a su\nabuelo. <\/p>\n\n\n\n<p>La Fiscal\u00eda\na su vez manifest\u00f3 que el abuelo no contaba con el permiso necesario para\nportarlas en su domicilio.<\/p>\n","protected":false},"excerpt":{"rendered":"<p>Redacci\u00f3n\/Zona Roja Cdmx. Ciudad de M\u00e9xico, 14 de enero de 2020.- La Fiscal\u00eda General del&hellip;<\/p>\n","protected":false},"author":2,"featured_media":7656,"comment_status":"closed","ping_status":"open","sticky":false,"template":"","format":"standard","meta":{"_lmt_disableupdate":"","_lmt_disable":"","_jetpack_memberships_contains_paid_content":false,"footnotes":""},"categories":[109,47],"tags":[1263],"class_list":["post-7655","post","type-post","status-publish","format-standard","has-post-thumbnail","hentry","category-minuto-a-minuto","category-zona-gris","tag-colegio-cervantes"],"jetpack_featured_media_url":"https:\/\/zonaroja.com.mx\/wp-content\/uploads\/2020\/01\/Colegio-Cervantes.jpg","jetpack_sharing_enabled":true,"_links":{"self":[{"href":"https:\/\/zonaroja.com.mx\/index.php?rest_route=\/wp\/v2\/posts\/7655","targetHints":{"allow":["GET"]}}],"collection":[{"href":"https:\/\/zonaroja.com.mx\/index.php?rest_route=\/wp\/v2\/posts"}],"about":[{"href":"https:\/\/zonaroja.com.mx\/index.php?rest_route=\/wp\/v2\/types\/post"}],"author":[{"embeddable":true,"href":"https:\/\/zonaroja.com.mx\/index.php?rest_route=\/wp\/v2\/users\/2"}],"replies":[{"embeddable":true,"href":"https:\/\/zonaroja.com.mx\/index.php?rest_route=%2Fwp%2Fv2%2Fcomments&post=7655"}],"version-history":[{"count":1,"href":"https:\/\/zonaroja.com.mx\/index.php?rest_route=\/wp\/v2\/posts\/7655\/revisions"}],"predecessor-version":[{"id":7657,"href":"https:\/\/zonaroja.com.mx\/index.php?rest_route=\/wp\/v2\/posts\/7655\/revisions\/7657"}],"wp:featuredmedia":[{"embeddable":true,"href":"https:\/\/zonaroja.com.mx\/index.php?rest_route=\/wp\/v2\/media\/7656"}],"wp:attachment":[{"href":"https:\/\/zonaroja.com.mx\/index.php?rest_route=%2Fwp%2Fv2%2Fmedia&parent=7655"}],"wp:term":[{"taxonomy":"category","embeddable":true,"href":"https:\/\/zonaroja.com.mx\/index.php?rest_route=%2Fwp%2Fv2%2Fcategories&post=7655"},{"taxonomy":"post_tag","embeddable":true,"href":"https:\/\/zonaroja.com.mx\/index.php?rest_route=%2Fwp%2Fv2%2Ftags&post=7655"}],"curies":[{"name":"wp","href":"https:\/\/api.w.org\/{rel}","templated":true}]}}