{"id":76556,"date":"2025-01-16T21:17:18","date_gmt":"2025-01-17T03:17:18","guid":{"rendered":"https:\/\/zonaroja.com.mx\/?p=76556"},"modified":"2025-01-16T21:17:20","modified_gmt":"2025-01-17T03:17:20","slug":"activista-demanda-no-criminalizar-a-personas-desaparecidas-en-oaxaca","status":"publish","type":"post","link":"https:\/\/zonaroja.com.mx\/?p=76556","title":{"rendered":"Activista demanda no criminalizar a personas desaparecidas en Oaxaca"},"content":{"rendered":"\n<p>Raymundo Morales\/Zona Roja.<\/p>\n\n\n\n<p>Oaxaca de Ju\u00e1rez, Oax., a 16 de enero de 2025.- El activista mixe Joaqu\u00edn Galv\u00e1n demand\u00f3 a las autoridades no criminalizar a las personas v\u00edctimas de desaparici\u00f3n forzada.<\/p>\n\n\n\n<p>\u201cRecientemente fue denunciada por medios p\u00fablicos la desaparici\u00f3n de 14 j\u00f3venes oaxaque\u00f1os en la costa del estado de Oaxaca, ante ello, los comunicados oficiales emitidos por la Fiscal\u00eda General del Estado de Oaxaca as\u00ed como declaraciones del titular de la Secretar\u00eda de Seguridad P\u00fablica y Protecci\u00f3n Ciudadana, Iv\u00e1n Garc\u00eda \u00c1lvarez hasta el d\u00eda de hoy, ha girado en torno a manifestar que las v\u00edctimas contaban con antecedentes penales o que el caso est\u00e1 vinculado con \u2018temas de drogas\u2019\u201d.<\/p>\n\n\n\n<p>En un comunicado, puso tambi\u00e9n como ejemplo la desaparici\u00f3n de Sandra Dom\u00ednguez Mart\u00ednez, el pasado 4 de octubre, ante lo cual la postura institucional de la Secretar\u00eda de Gobierno de Oaxaca, a trav\u00e9s de su titular Jesus Romero L\u00f3pez, y el Gobierno del Estado oaxaque\u00f1o \u201cfue la de canalizar todos sus esfuerzos medi\u00e1ticos en restar la calidad de v\u00edctima de la defensora arguyendo como responsable de su desaparici\u00f3n a su pareja (tambi\u00e9n desaparecido) por v\u00ednculos con grupos delictivos\u201d.<\/p>\n\n\n\n<p>Abund\u00f3 que estas posturas institucionales ante el fen\u00f3meno de desaparici\u00f3n forzada en Oaxaca que ha cobrado notoriedad en estos \u00faltimos meses tienen un solo fin: atentar contra la dignidad humana de las personas desaparecidas, rest\u00e1ndoles su calidad de v\u00edctima, criminaliz\u00e1ndolas para que de esa forma se reduzca la presi\u00f3n social contra las instituciones.<\/p>\n\n\n\n<p>Indic\u00f3 que las autoridades responsables de dar con el paradero de las v\u00edctimas de desaparici\u00f3n forzada no solo deben abstenerse de criminalizar a las v\u00edctimas sino que jur\u00eddicamente est\u00e1 prohibido que los funcionarios p\u00fablicos emitan declaraciones criminalizantes que responsabilice a las v\u00edctimas de su propia desaparici\u00f3n.<\/p>\n\n\n\n<p>\u201cPara tratar el tema de desaparici\u00f3n forzada existen distintos marcos jur\u00eddicos que deben acatarse y que est\u00e1n siendo violados flagrantemente como lo es la Ley General de Desaparici\u00f3n Forzada y la Ley General de V\u00edctimas en su art\u00edculo 5 donde se expresa:<\/p>\n\n\n\n<p>\u201cLas autoridades no deben agravar el sufrimiento de la v\u00edctima ni tratarla en ning\u00fan caso como responsable de los hechos que denuncie, ninguna autoridad o particular podr\u00e1 especular p\u00fablicamente sobre la pertenencia de las v\u00edctimas al crimen organizado o su vinculaci\u00f3n con alguna actividad delictiva, a estigmatizaci\u00f3n, el prejuicio y las consideraciones de tipo subjetivo deben evitarse\u201d.<\/p>\n\n\n\n<p>Joaqu\u00edn Galv\u00e1n, quien ha acompa\u00f1ado diversos casos de desaparici\u00f3n en la entidad, expuso que la irresponsabilidad o la abierta intencionalidad dolosa de los funcionarios del gobierno oaxaque\u00f1a al realizar declaraciones de especulaci\u00f3n, estigmatizaci\u00f3n o criminalizaci\u00f3n contra las v\u00edctimas de desaparici\u00f3n forzada no solo debe condenarse, sino investigarse.<\/p>\n\n\n\n<p>\u201cPorque establece narrativas que pueden desvirtuar el acceso a la verdad, encubriendo la negligencia o inoperancia de las instituciones ante la desaparici\u00f3n forzada o protegiendo directamente a figuras de poder involucradas y sobre todo poniendo en riesgo a las familias de las y los desaparecidos, atentando contra uno de los derechos elementales de las v\u00edctimas: el derecho a ser buscado\u201d.<\/p>\n","protected":false},"excerpt":{"rendered":"<p>Raymundo Morales\/Zona Roja. Oaxaca de Ju\u00e1rez, Oax., a 16 de enero de 2025.- El activista&hellip;<\/p>\n","protected":false},"author":2,"featured_media":76557,"comment_status":"closed","ping_status":"open","sticky":false,"template":"","format":"standard","meta":{"_lmt_disableupdate":"","_lmt_disable":"","_jetpack_memberships_contains_paid_content":false,"footnotes":""},"categories":[109,46],"tags":[3434],"class_list":["post-76556","post","type-post","status-publish","format-standard","has-post-thumbnail","hentry","category-minuto-a-minuto","category-zona-blanca","tag-joaquin-galvan"],"jetpack_featured_media_url":"https:\/\/zonaroja.com.mx\/wp-content\/uploads\/2025\/01\/Desaparecidos-Costa.jpg","jetpack_sharing_enabled":true,"_links":{"self":[{"href":"https:\/\/zonaroja.com.mx\/index.php?rest_route=\/wp\/v2\/posts\/76556","targetHints":{"allow":["GET"]}}],"collection":[{"href":"https:\/\/zonaroja.com.mx\/index.php?rest_route=\/wp\/v2\/posts"}],"about":[{"href":"https:\/\/zonaroja.com.mx\/index.php?rest_route=\/wp\/v2\/types\/post"}],"author":[{"embeddable":true,"href":"https:\/\/zonaroja.com.mx\/index.php?rest_route=\/wp\/v2\/users\/2"}],"replies":[{"embeddable":true,"href":"https:\/\/zonaroja.com.mx\/index.php?rest_route=%2Fwp%2Fv2%2Fcomments&post=76556"}],"version-history":[{"count":1,"href":"https:\/\/zonaroja.com.mx\/index.php?rest_route=\/wp\/v2\/posts\/76556\/revisions"}],"predecessor-version":[{"id":76558,"href":"https:\/\/zonaroja.com.mx\/index.php?rest_route=\/wp\/v2\/posts\/76556\/revisions\/76558"}],"wp:featuredmedia":[{"embeddable":true,"href":"https:\/\/zonaroja.com.mx\/index.php?rest_route=\/wp\/v2\/media\/76557"}],"wp:attachment":[{"href":"https:\/\/zonaroja.com.mx\/index.php?rest_route=%2Fwp%2Fv2%2Fmedia&parent=76556"}],"wp:term":[{"taxonomy":"category","embeddable":true,"href":"https:\/\/zonaroja.com.mx\/index.php?rest_route=%2Fwp%2Fv2%2Fcategories&post=76556"},{"taxonomy":"post_tag","embeddable":true,"href":"https:\/\/zonaroja.com.mx\/index.php?rest_route=%2Fwp%2Fv2%2Ftags&post=76556"}],"curies":[{"name":"wp","href":"https:\/\/api.w.org\/{rel}","templated":true}]}}