{"id":76565,"date":"2025-01-17T06:50:39","date_gmt":"2025-01-17T12:50:39","guid":{"rendered":"https:\/\/zonaroja.com.mx\/?p=76565"},"modified":"2025-01-17T06:50:42","modified_gmt":"2025-01-17T12:50:42","slug":"se-suma-oaxaca-a-convenio-para-obras-en-comunidades-indigenas","status":"publish","type":"post","link":"https:\/\/zonaroja.com.mx\/?p=76565","title":{"rendered":"Se suma Oaxaca a convenio para obras en comunidades ind\u00edgenas"},"content":{"rendered":"\n<p>Redacci\u00f3n\/Zona Roja.&nbsp;<\/p>\n\n\n\n<p>Oaxaca de Ju\u00e1rez, Oax., a 17 de enero de 2025.- El gobernador de Oaxaca, Salom\u00f3n Jara Cruz, asisti\u00f3 al Encuentro Nacional Municipal, primero en su tipo en M\u00e9xico, que encabez\u00f3 la Presidenta Claudia Sheinbaum Pardo en la Ciudad de M\u00e9xico, y en el que se firm\u00f3 el Convenio para la Creaci\u00f3n del Componente Ind\u00edgena del Fondo de Aportaciones para la Infraestructura Social (FAIS).<\/p>\n\n\n\n<p>A trav\u00e9s de este acuerdo, como un acto de justicia social a m\u00e1s de 13 mil comunidades ind\u00edgenas y afrodescendientes del pa\u00eds, permitir\u00e1 que los municipios decidan el destino de esos recursos para obras sociales, en las que se incluyen las de Oaxaca, conforme a las recientes modificaciones a la Constituci\u00f3n Pol\u00edtica Mexicana que reconoce como sujetos de derechos a estas poblaciones.<\/p>\n\n\n\n<p>En este encuentro hist\u00f3rico, en el que participaron representantes de los tres niveles de gobierno, se dieron cita el 75 por ciento de las 2 mil 478 autoridades municipales del pa\u00eds, de las cuales 428 son presidentas y presidentes electas por el Sistema Normativo Ind\u00edgena, entre ellas de Oaxaca. Cabe se\u00f1alar que, del total, m\u00e1s de la mitad son mujeres.<\/p>\n\n\n\n<p>Jara Cruz patentiz\u00f3 el compromiso de su administraci\u00f3n para trabajar de manera coordinada con los tres \u00f3rdenes de gobierno y construir mayor bienestar para la poblaci\u00f3n de Oaxaca con una pol\u00edtica humanista y de prosperidad compartida.<\/p>\n\n\n\n<p>La Presidenta Sheinbaum Pardo expuso cuatro puntos centrales: la redistribuci\u00f3n del presupuesto del Fondo de Aportaciones para la Infraestructura Social; los recursos para obras de abastecimiento de agua potable y saneamiento; la atenci\u00f3n a las causas que originan la violencia; y los Senderos de Paz en todo el pa\u00eds, a trav\u00e9s de programas como S\u00ed al Desarme, S\u00ed a la paz.<\/p>\n\n\n\n<p>\u201cQue el presupuesto que recibe el Gobierno Federal se regrese a los municipios para obras social\u201d, coment\u00f3 Sheinbaum Pardo, por lo que llam\u00f3 a conjuntar esfuerzos entre los tres niveles de gobierno para respaldar a quienes m\u00e1s lo necesitan.<\/p>\n","protected":false},"excerpt":{"rendered":"<p>Redacci\u00f3n\/Zona Roja.&nbsp; Oaxaca de Ju\u00e1rez, Oax., a 17 de enero de 2025.- El gobernador de&hellip;<\/p>\n","protected":false},"author":2,"featured_media":76566,"comment_status":"closed","ping_status":"open","sticky":false,"template":"","format":"standard","meta":{"_lmt_disableupdate":"","_lmt_disable":"","_jetpack_memberships_contains_paid_content":false,"footnotes":""},"categories":[109,46],"tags":[939],"class_list":["post-76565","post","type-post","status-publish","format-standard","has-post-thumbnail","hentry","category-minuto-a-minuto","category-zona-blanca","tag-salomon-jara-cruz"],"jetpack_featured_media_url":"https:\/\/zonaroja.com.mx\/wp-content\/uploads\/2025\/01\/Firma-Salomon-Jara-Cruz-convenio-para-la-creacion-del-componente-indigena-del-FAIS-4.jpeg","jetpack_sharing_enabled":true,"_links":{"self":[{"href":"https:\/\/zonaroja.com.mx\/index.php?rest_route=\/wp\/v2\/posts\/76565","targetHints":{"allow":["GET"]}}],"collection":[{"href":"https:\/\/zonaroja.com.mx\/index.php?rest_route=\/wp\/v2\/posts"}],"about":[{"href":"https:\/\/zonaroja.com.mx\/index.php?rest_route=\/wp\/v2\/types\/post"}],"author":[{"embeddable":true,"href":"https:\/\/zonaroja.com.mx\/index.php?rest_route=\/wp\/v2\/users\/2"}],"replies":[{"embeddable":true,"href":"https:\/\/zonaroja.com.mx\/index.php?rest_route=%2Fwp%2Fv2%2Fcomments&post=76565"}],"version-history":[{"count":1,"href":"https:\/\/zonaroja.com.mx\/index.php?rest_route=\/wp\/v2\/posts\/76565\/revisions"}],"predecessor-version":[{"id":76567,"href":"https:\/\/zonaroja.com.mx\/index.php?rest_route=\/wp\/v2\/posts\/76565\/revisions\/76567"}],"wp:featuredmedia":[{"embeddable":true,"href":"https:\/\/zonaroja.com.mx\/index.php?rest_route=\/wp\/v2\/media\/76566"}],"wp:attachment":[{"href":"https:\/\/zonaroja.com.mx\/index.php?rest_route=%2Fwp%2Fv2%2Fmedia&parent=76565"}],"wp:term":[{"taxonomy":"category","embeddable":true,"href":"https:\/\/zonaroja.com.mx\/index.php?rest_route=%2Fwp%2Fv2%2Fcategories&post=76565"},{"taxonomy":"post_tag","embeddable":true,"href":"https:\/\/zonaroja.com.mx\/index.php?rest_route=%2Fwp%2Fv2%2Ftags&post=76565"}],"curies":[{"name":"wp","href":"https:\/\/api.w.org\/{rel}","templated":true}]}}